{"id":27639,"date":"2021-08-12T16:20:08","date_gmt":"2021-08-12T19:20:08","guid":{"rendered":"https:\/\/maricatotal.com.br\/site\/?p=27639"},"modified":"2021-08-12T16:20:10","modified_gmt":"2021-08-12T19:20:10","slug":"nova-praca-de-ponta-negra-sera-entregue-nesta-quinta-feira-12","status":"publish","type":"post","link":"https:\/\/maricatotal.com.br\/site\/2021\/08\/12\/nova-praca-de-ponta-negra-sera-entregue-nesta-quinta-feira-12\/","title":{"rendered":"Nova pra\u00e7a de Ponta Negra ser\u00e1 entregue nesta quinta-feira (12)"},"content":{"rendered":"\n<p>Um novo espa\u00e7o de lazer e conviv\u00eancia ser\u00e1 entregue nesta quinta-feira (12\/08) em Ponta Negra. A Pra\u00e7a Nossa Senhora das Gra\u00e7as, que fica em frente \u00e0 par\u00f3quia de mesmo nome, foi inteiramente revitalizada pela Prefeitura de Maric\u00e1 e ser\u00e1 entregue \u00e0s 17h.<\/p>\n\n\n\n<p>O espa\u00e7o, com 1.060 metros quadrados, recebeu nova ilumina\u00e7\u00e3o, paisagismo, aparelhos de gin\u00e1stica ao ar livre e novos brinquedos para crian\u00e7as, al\u00e9m de bancos e lixeiras.<\/p>\n\n\n\n<p>A obra durou cerca de 60 dias e, antes mesmo da entrega oficial, tem atraindo os moradores do local que contam as horas para desfrutarem de toda estrutura que a nova pra\u00e7a oferece aos frequentadores.&nbsp; Como a atende Gisele de Paula, que tem uma casa em Ponta Negra, apesar de residir em S\u00e3o Gon\u00e7alo.&nbsp; Ela acompanhou todo o processo e aprovou o resultado.<\/p>\n\n\n\n<p>\u201cEst\u00e1 muito melhor do que antes, mais arrumada. D\u00e1 para se sentar com mais conforto e as crian\u00e7as podem brincar melhor tamb\u00e9m\u201d, observou a m\u00e3e do pequeno Lucas, de 8 anos, que est\u00e1 ansioso para poder utilizar os brinquedos.<\/p>\n\n\n\n<p>A revitaliza\u00e7\u00e3o da Pra\u00e7a Nossa Senhora das Gra\u00e7as agradou os comerciantes da regi\u00e3o. Segundo Daiana da Silva, 36 anos, propriet\u00e1ria de uma lanchonete, acredita que o movimento no local deva aumentar. \u201cA pra\u00e7a est\u00e1 mais bonita e vai atrair mais pessoas. \u00c9 isso que n\u00f3s queremos\u201d, finaliza a comerciante.<\/p>\n\n\n\n<p>De acordo com a autarquia Servi\u00e7o de Obras de Maric\u00e1 (Somar), duas pra\u00e7as menores ao lado da principal \u2013 chamadas de \u2018anexos\u2019 \u2013 tamb\u00e9m passam por revitaliza\u00e7\u00e3o. J\u00e1 foi conclu\u00edda a primeira, que tem 155 metros quadrados e fica entre as ruas S\u00e3o Pedro Ap\u00f3stolo (a principal do bairro) e Ant\u00f4nio Carlos Jobim (que d\u00e1 acesso \u00e0 praia da Sacristia). Na segunda, que fica ao lado da principal e tem 140 metros quadrados, uma a\u00e7\u00e3o de drenagem ser\u00e1 feita no entorno antes da recupera\u00e7\u00e3o do espa\u00e7o.<\/p>\n","protected":false},"excerpt":{"rendered":"<p>Um novo espa\u00e7o de lazer e conviv\u00eancia ser\u00e1 entregue nesta quinta-feira (12\/08) em Ponta Negra. A Pra\u00e7a Nossa Senhora das<\/p>\n","protected":false},"author":1,"featured_media":27640,"comment_status":"open","ping_status":"open","sticky":false,"template":"","format":"standard","meta":{"colormag_page_container_layout":"default_layout","colormag_page_sidebar_layout":"default_layout","footnotes":""},"categories":[18],"tags":[],"class_list":["post-27639","post","type-post","status-publish","format-standard","has-post-thumbnail","hentry","category-entretenimento"],"amp_enabled":true,"_links":{"self":[{"href":"https:\/\/maricatotal.com.br\/site\/wp-json\/wp\/v2\/posts\/27639","targetHints":{"allow":["GET"]}}],"collection":[{"href":"https:\/\/maricatotal.com.br\/site\/wp-json\/wp\/v2\/posts"}],"about":[{"href":"https:\/\/maricatotal.com.br\/site\/wp-json\/wp\/v2\/types\/post"}],"author":[{"embeddable":true,"href":"https:\/\/maricatotal.com.br\/site\/wp-json\/wp\/v2\/users\/1"}],"replies":[{"embeddable":true,"href":"https:\/\/maricatotal.com.br\/site\/wp-json\/wp\/v2\/comments?post=27639"}],"version-history":[{"count":1,"href":"https:\/\/maricatotal.com.br\/site\/wp-json\/wp\/v2\/posts\/27639\/revisions"}],"predecessor-version":[{"id":27641,"href":"https:\/\/maricatotal.com.br\/site\/wp-json\/wp\/v2\/posts\/27639\/revisions\/27641"}],"wp:featuredmedia":[{"embeddable":true,"href":"https:\/\/maricatotal.com.br\/site\/wp-json\/wp\/v2\/media\/27640"}],"wp:attachment":[{"href":"https:\/\/maricatotal.com.br\/site\/wp-json\/wp\/v2\/media?parent=27639"}],"wp:term":[{"taxonomy":"category","embeddable":true,"href":"https:\/\/maricatotal.com.br\/site\/wp-json\/wp\/v2\/categories?post=27639"},{"taxonomy":"post_tag","embeddable":true,"href":"https:\/\/maricatotal.com.br\/site\/wp-json\/wp\/v2\/tags?post=27639"}],"curies":[{"name":"wp","href":"https:\/\/api.w.org\/{rel}","templated":true}]}}