{"id":27665,"date":"2021-08-13T13:33:21","date_gmt":"2021-08-13T16:33:21","guid":{"rendered":"https:\/\/maricatotal.com.br\/site\/?p=27665"},"modified":"2021-08-13T13:33:22","modified_gmt":"2021-08-13T16:33:22","slug":"policia-federal-prende-roberto-jefferson-no-inquerito-das-milicias-digitais","status":"publish","type":"post","link":"https:\/\/maricatotal.com.br\/site\/2021\/08\/13\/policia-federal-prende-roberto-jefferson-no-inquerito-das-milicias-digitais\/","title":{"rendered":"Pol\u00edcia Federal prende Roberto Jefferson no inqu\u00e9rito das mil\u00edcias digitais"},"content":{"rendered":"\n<p>A Pol\u00edcia Federal foi \u00e0s ruas na manh\u00e3 desta sexta-feira (13) e prendeu o ex-deputado e presidente nacional do PTB, Roberto Jefferson.<\/p>\n\n\n\n<p>O mandado \u00e9 de pris\u00e3o preventiva (que n\u00e3o tem prazo estipulado para acabar).<\/p>\n\n\n\n<p>A autoriza\u00e7\u00e3o da pris\u00e3o partiu do ministro Alexandre de Moraes, do Supremo Tribunal Federal (STF). Ele tamb\u00e9m determinou:<\/p>\n\n\n\n<ul class=\"wp-block-list\"><li>Bloqueio de conte\u00fados postados por Jefferson em rede sociais<\/li><li>Apreens\u00e3o de armas e acesso a m\u00eddias de armazenamento<\/li><\/ul>\n\n\n\n<p>A ordem foi dada dentro do chamado inqu\u00e9rito da mil\u00edcia digital, que \u00e9 uma continuidade do inqu\u00e9rito dos atos antidemocr\u00e1ticos.<\/p>\n\n\n\n<p>Jefferson postou numa rede social que a PF chegou a fazer buscas na casa de parentes pela manh\u00e3.<\/p>\n\n\n\n<p>&#8220;A Pol\u00edcia Federal foi \u00e0 casa de minha ex-mulher, m\u00e3e de meus filhos, com ordem de pris\u00e3o contra mim e busca e apreens\u00e3o. Vamos ver de onde parte essa canalhice&#8221;, escreveu o ex-deputado.<\/p>\n\n\n\n<p>O advogado de defesa de Roberto Jefferson, Dr Luiz Gustavo Pereira da Cunha, informou, por telefone, que s\u00f3 vai se manifestar depois que tiver acesso a \u00edntegra da decis\u00e3o do mandado de pris\u00e3o e da busca e apreens\u00e3o.<\/p>\n\n\n\n<p>De acordo com o STF, Moraes pediu parecer da procuradoria-geral da Rep\u00fablica antes de tomar a decis\u00e3o. S\u00f3 que o prazo se encerrou na ter\u00e7a-feira, e a PGR n\u00e3o se manifestou at\u00e9 a decis\u00e3o dele, assinada na quinta (12). At\u00e9 o presente momento, nenhum parecer foi juntado aos autos.<\/p>\n","protected":false},"excerpt":{"rendered":"<p>A Pol\u00edcia Federal foi \u00e0s ruas na manh\u00e3 desta sexta-feira (13) e prendeu o ex-deputado e presidente nacional do PTB,<\/p>\n","protected":false},"author":1,"featured_media":27666,"comment_status":"open","ping_status":"open","sticky":false,"template":"","format":"standard","meta":{"colormag_page_container_layout":"default_layout","colormag_page_sidebar_layout":"default_layout","footnotes":""},"categories":[1,17],"tags":[],"class_list":["post-27665","post","type-post","status-publish","format-standard","has-post-thumbnail","hentry","category-noticias","category-politica"],"amp_enabled":true,"_links":{"self":[{"href":"https:\/\/maricatotal.com.br\/site\/wp-json\/wp\/v2\/posts\/27665","targetHints":{"allow":["GET"]}}],"collection":[{"href":"https:\/\/maricatotal.com.br\/site\/wp-json\/wp\/v2\/posts"}],"about":[{"href":"https:\/\/maricatotal.com.br\/site\/wp-json\/wp\/v2\/types\/post"}],"author":[{"embeddable":true,"href":"https:\/\/maricatotal.com.br\/site\/wp-json\/wp\/v2\/users\/1"}],"replies":[{"embeddable":true,"href":"https:\/\/maricatotal.com.br\/site\/wp-json\/wp\/v2\/comments?post=27665"}],"version-history":[{"count":1,"href":"https:\/\/maricatotal.com.br\/site\/wp-json\/wp\/v2\/posts\/27665\/revisions"}],"predecessor-version":[{"id":27667,"href":"https:\/\/maricatotal.com.br\/site\/wp-json\/wp\/v2\/posts\/27665\/revisions\/27667"}],"wp:featuredmedia":[{"embeddable":true,"href":"https:\/\/maricatotal.com.br\/site\/wp-json\/wp\/v2\/media\/27666"}],"wp:attachment":[{"href":"https:\/\/maricatotal.com.br\/site\/wp-json\/wp\/v2\/media?parent=27665"}],"wp:term":[{"taxonomy":"category","embeddable":true,"href":"https:\/\/maricatotal.com.br\/site\/wp-json\/wp\/v2\/categories?post=27665"},{"taxonomy":"post_tag","embeddable":true,"href":"https:\/\/maricatotal.com.br\/site\/wp-json\/wp\/v2\/tags?post=27665"}],"curies":[{"name":"wp","href":"https:\/\/api.w.org\/{rel}","templated":true}]}}