{"id":27671,"date":"2021-08-14T06:11:45","date_gmt":"2021-08-14T09:11:45","guid":{"rendered":"https:\/\/maricatotal.com.br\/site\/?p=27671"},"modified":"2021-08-14T06:11:47","modified_gmt":"2021-08-14T09:11:47","slug":"passaporte-universitario-forma-primeira-turma-e-entrega-diplomas-a-alunos-de-20-a-66-anos","status":"publish","type":"post","link":"https:\/\/maricatotal.com.br\/site\/2021\/08\/14\/passaporte-universitario-forma-primeira-turma-e-entrega-diplomas-a-alunos-de-20-a-66-anos\/","title":{"rendered":"Passaporte Universit\u00e1rio forma primeira turma e entrega diplomas a alunos de 20 a 66 anos"},"content":{"rendered":"\n<p>A Prefeitura de Maric\u00e1 entregou, nesta sexta-feira (13\/08), diplomas de formatura a 52 alunos da primeira turma do programa Passaporte Universit\u00e1rio, que oferece bolsas de estudo integrais em institui\u00e7\u00f5es de ensino superior a cinco mil moradores com renda familiar de at\u00e9 cinco sal\u00e1rios m\u00ednimos. Em clima de grande emo\u00e7\u00e3o, estudantes entre 20 e mais de 60 anos subiram ao palco e receberam os certificados de gradua\u00e7\u00e3o em Administra\u00e7\u00e3o, Ci\u00eancias Cont\u00e1beis, Direito, Enfermagem, Engenharia Civil, Engenharia El\u00e9trica, Fisioterapia, Gest\u00e3o de Recursos Humanos, Gest\u00e3o P\u00fablica, Hist\u00f3ria, Jornalismo, Odontologia e Psicologia.<\/p>\n\n\n\n<p>Presente \u00e0 cerim\u00f4nia no Campus de Educa\u00e7\u00e3o P\u00fablica Transformadora (CEPT) Professora Zilca Lopes da Fontoura, o prefeito Fabiano Horta afirmou que a cidade ser\u00e1 a grande beneficiada pelo investimento na educa\u00e7\u00e3o superior dos moradores:<\/p>\n\n\n\n<p>\u201cO passaporte nasce para transformar a vida das pessoas e de Maric\u00e1. Hoje, conclu\u00edmos uma etapa que sempre sonhamos, mostrando que \u00e9 poss\u00edvel criar uma cidade com oportunidades igualit\u00e1rias para todos\u201d, afirmou, ladeado pela primeira dama, Rosana.<\/p>\n\n\n\n<p>Dalmir Caetano dos Santos, 66 anos, morador do bairro Mumbuca, \u00e9 o mais velho da turma. Ele disse que \u00e9 preciso perseverar e que nunca \u00e9 tarde para realizar sonhos.<\/p>\n\n\n\n<p>\u201cFiquei muito feliz por ter a oportunidade de me formar em um curso superior de Gest\u00e3o P\u00fablica, uma \u00e1rea com a qual sempre me identifiquei\u201d, disse.<\/p>\n\n\n\n<p>Gabriel Machado Augusto, 25 anos, um dos mais jovens, contou ser o primeiro da fam\u00edlia a concluir um curso universit\u00e1rio, no caso dele, de Hist\u00f3ria.<\/p>\n\n\n\n<p>\u201cMeus pais est\u00e3o orgulhosos de mim, sou o primeiro a realizar o sonho de ter uma gradua\u00e7\u00e3o. A minha meta \u00e9 s\u00f3 avan\u00e7ar cada vez mais\u201d.<\/p>\n\n\n\n<p>Para a secret\u00e1ria de Educa\u00e7\u00e3o, Adriana Costa, a sensa\u00e7\u00e3o \u00e9 de dever cumprido. \u201cS\u00e3o fam\u00edlias que acreditaram nesse programa inovador. O mais importante \u00e9 que isso tudo ir\u00e1 incentivar nossas futuras crian\u00e7as\u201d.<\/p>\n\n\n\n<p>A solenidade, marcada repeti\u00e7\u00e3o das palavras \u201cacreditar\u201d, \u201csonho\u201d e \u201cgratid\u00e3o\u201d, teve a presen\u00e7a de mais autoridades, como o vice-prefeito, Diego Zeidan, a Deputada Federal Ros\u00e2ngela Zeidan, o secret\u00e1rio de Agricultura, Pecu\u00e1ria e Pesca, J\u00falio Carolino, os vereadores Andrea Cunha, Frank Costa, Hadesh, Robgol e Marquinho, e o presidente do movimento UMES, Emerson Pereira.<\/p>\n\n\n\n<p>Mais sobre o programa<\/p>\n\n\n\n<p>O Passaporte Universit\u00e1rio foi criado para ajudar na forma\u00e7\u00e3o acad\u00eamica e na qualifica\u00e7\u00e3o profissional de pessoas com dificuldade de pagar as despesas do ensino numa universidade privada. Para participar, o morador precisa comprovar que vive h\u00e1 pelo menos tr\u00eas anos em Maric\u00e1 e que sua renda familiar n\u00e3o ultrapassa cinco sal\u00e1rios m\u00ednimos. As bolsas s\u00e3o oferecidas para cursos de gradua\u00e7\u00e3o, p\u00f3s-gradua\u00e7\u00e3o, especializa\u00e7\u00e3o, mestrado e doutorado.<\/p>\n\n\n\n<p>Atualmente, s\u00e3o cinco universidades participantes: UNIFESO (Centro Universit\u00e1rio Serra dos \u00d3rg\u00e3os), Universidade de Vassouras, Universidade Est\u00e1cio de S\u00e1, Faculdades Cenecistas e Unilassale. Elas oferecem mais de 30 especializa\u00e7\u00f5es. Como contrapartida ao investimento da Prefeitura em seus alunos, as institui\u00e7\u00f5es conveniadas se comprometem a instalar, em at\u00e9 cinco anos, unidades educacionais de ensino superior em Maric\u00e1.<\/p>\n","protected":false},"excerpt":{"rendered":"<p>A Prefeitura de Maric\u00e1 entregou, nesta sexta-feira (13\/08), diplomas de formatura a 52 alunos da primeira turma do programa Passaporte<\/p>\n","protected":false},"author":1,"featured_media":27672,"comment_status":"open","ping_status":"open","sticky":false,"template":"","format":"standard","meta":{"colormag_page_container_layout":"default_layout","colormag_page_sidebar_layout":"default_layout","footnotes":""},"categories":[18,17],"tags":[],"class_list":["post-27671","post","type-post","status-publish","format-standard","has-post-thumbnail","hentry","category-entretenimento","category-politica"],"amp_enabled":true,"_links":{"self":[{"href":"https:\/\/maricatotal.com.br\/site\/wp-json\/wp\/v2\/posts\/27671","targetHints":{"allow":["GET"]}}],"collection":[{"href":"https:\/\/maricatotal.com.br\/site\/wp-json\/wp\/v2\/posts"}],"about":[{"href":"https:\/\/maricatotal.com.br\/site\/wp-json\/wp\/v2\/types\/post"}],"author":[{"embeddable":true,"href":"https:\/\/maricatotal.com.br\/site\/wp-json\/wp\/v2\/users\/1"}],"replies":[{"embeddable":true,"href":"https:\/\/maricatotal.com.br\/site\/wp-json\/wp\/v2\/comments?post=27671"}],"version-history":[{"count":1,"href":"https:\/\/maricatotal.com.br\/site\/wp-json\/wp\/v2\/posts\/27671\/revisions"}],"predecessor-version":[{"id":27673,"href":"https:\/\/maricatotal.com.br\/site\/wp-json\/wp\/v2\/posts\/27671\/revisions\/27673"}],"wp:featuredmedia":[{"embeddable":true,"href":"https:\/\/maricatotal.com.br\/site\/wp-json\/wp\/v2\/media\/27672"}],"wp:attachment":[{"href":"https:\/\/maricatotal.com.br\/site\/wp-json\/wp\/v2\/media?parent=27671"}],"wp:term":[{"taxonomy":"category","embeddable":true,"href":"https:\/\/maricatotal.com.br\/site\/wp-json\/wp\/v2\/categories?post=27671"},{"taxonomy":"post_tag","embeddable":true,"href":"https:\/\/maricatotal.com.br\/site\/wp-json\/wp\/v2\/tags?post=27671"}],"curies":[{"name":"wp","href":"https:\/\/api.w.org\/{rel}","templated":true}]}}