{"id":27677,"date":"2021-08-14T06:16:57","date_gmt":"2021-08-14T09:16:57","guid":{"rendered":"https:\/\/maricatotal.com.br\/site\/?p=27677"},"modified":"2021-08-14T06:16:57","modified_gmt":"2021-08-14T09:16:57","slug":"guarda-municipal-tera-nova-base-no-condado","status":"publish","type":"post","link":"https:\/\/maricatotal.com.br\/site\/2021\/08\/14\/guarda-municipal-tera-nova-base-no-condado\/","title":{"rendered":"Guarda Municipal ter\u00e1 nova base no Condado"},"content":{"rendered":"\n<p>A Prefeitura de Maric\u00e1, atrav\u00e9s da Secretaria de Ordem P\u00fablica e Gabinete Institucional (Seop), ir\u00e1 inaugurar, nas pr\u00f3ximas semanas, a nova base da Guarda Municipal no bairro do Condado. A unidade ser\u00e1 respons\u00e1vel pelo patrulhamento pelo primeiro distrito da cidade (Centro, Ara\u00e7atiba, Barra de Maric\u00e1, Caxito, Condado, Flamengo, Itapeba, Lagarto, Marqu\u00eas, Mumbuca, Pedreiras, Retiro, S\u00e3o Jos\u00e9 do Imbassa\u00ed, Silvado e Pedreiras).<\/p>\n\n\n\n<p>A base ficar\u00e1 na entrada do Condado, nas instala\u00e7\u00f5es da antiga Associa\u00e7\u00e3o de Moradores da localidade, e contar\u00e1 com efetivo 24 horas, tanto presencialmente na unidade, quanto em patrulhamentos na regi\u00e3o.<\/p>\n\n\n\n<p>Inicialmente, at\u00e9 5 guardas atuar\u00e3o diariamente no espa\u00e7o, dispondo de uma viatura para as rondas, com a previs\u00e3o da inclus\u00e3o de mais um ve\u00edculo ao efetivo nas primeiras semanas de atividade, abrangendo os bairros e as principais vias de acesso.<\/p>\n\n\n\n<p>De acordo com o comandante da Guarda Municipal de Maric\u00e1, Luciano Moretti, a base ser\u00e1 de grande import\u00e2ncia para o refor\u00e7o da seguran\u00e7a em um dos distritos de maior movimenta\u00e7\u00e3o da cidade, al\u00e9m de uma experi\u00eancia para a futura expans\u00e3o a outros distritos.<\/p>\n\n\n\n<p>\u201cO pr\u00e9dio em que se instalar\u00e1 a base distrital da Guarda j\u00e1 pertencia \u00e0 Prefeitura e foi repassado para a institui\u00e7\u00e3o. Foram realizadas reformas no espa\u00e7o e estamos em processo de aquisi\u00e7\u00e3o dos m\u00f3veis para, em seguida, o local entrar em funcionamento. Faremos rondas 24 horas pelos bairros do 1\u00ba distrito, isso ser\u00e1 muito importante para a regi\u00e3o, j\u00e1 que a seguran\u00e7a ir\u00e1 se expandir ainda mais, estando tamb\u00e9m previstas a cria\u00e7\u00e3o de outras bases pelo munic\u00edpio\u201d, completou.<\/p>\n","protected":false},"excerpt":{"rendered":"<p>A Prefeitura de Maric\u00e1, atrav\u00e9s da Secretaria de Ordem P\u00fablica e Gabinete Institucional (Seop), ir\u00e1 inaugurar, nas pr\u00f3ximas semanas, a<\/p>\n","protected":false},"author":1,"featured_media":27678,"comment_status":"open","ping_status":"open","sticky":false,"template":"","format":"standard","meta":{"colormag_page_container_layout":"default_layout","colormag_page_sidebar_layout":"default_layout","footnotes":""},"categories":[14,1],"tags":[],"class_list":["post-27677","post","type-post","status-publish","format-standard","has-post-thumbnail","hentry","category-bairros","category-noticias"],"amp_enabled":true,"_links":{"self":[{"href":"https:\/\/maricatotal.com.br\/site\/wp-json\/wp\/v2\/posts\/27677","targetHints":{"allow":["GET"]}}],"collection":[{"href":"https:\/\/maricatotal.com.br\/site\/wp-json\/wp\/v2\/posts"}],"about":[{"href":"https:\/\/maricatotal.com.br\/site\/wp-json\/wp\/v2\/types\/post"}],"author":[{"embeddable":true,"href":"https:\/\/maricatotal.com.br\/site\/wp-json\/wp\/v2\/users\/1"}],"replies":[{"embeddable":true,"href":"https:\/\/maricatotal.com.br\/site\/wp-json\/wp\/v2\/comments?post=27677"}],"version-history":[{"count":1,"href":"https:\/\/maricatotal.com.br\/site\/wp-json\/wp\/v2\/posts\/27677\/revisions"}],"predecessor-version":[{"id":27679,"href":"https:\/\/maricatotal.com.br\/site\/wp-json\/wp\/v2\/posts\/27677\/revisions\/27679"}],"wp:featuredmedia":[{"embeddable":true,"href":"https:\/\/maricatotal.com.br\/site\/wp-json\/wp\/v2\/media\/27678"}],"wp:attachment":[{"href":"https:\/\/maricatotal.com.br\/site\/wp-json\/wp\/v2\/media?parent=27677"}],"wp:term":[{"taxonomy":"category","embeddable":true,"href":"https:\/\/maricatotal.com.br\/site\/wp-json\/wp\/v2\/categories?post=27677"},{"taxonomy":"post_tag","embeddable":true,"href":"https:\/\/maricatotal.com.br\/site\/wp-json\/wp\/v2\/tags?post=27677"}],"curies":[{"name":"wp","href":"https:\/\/api.w.org\/{rel}","templated":true}]}}