{"id":27758,"date":"2021-08-17T14:55:25","date_gmt":"2021-08-17T17:55:25","guid":{"rendered":"https:\/\/maricatotal.com.br\/site\/?p=27758"},"modified":"2021-08-17T14:55:26","modified_gmt":"2021-08-17T17:55:26","slug":"rj-autoriza-aplicar-pfizer-caso-falte-astrazeneca-para-segunda-dose","status":"publish","type":"post","link":"https:\/\/maricatotal.com.br\/site\/2021\/08\/17\/rj-autoriza-aplicar-pfizer-caso-falte-astrazeneca-para-segunda-dose\/","title":{"rendered":"RJ autoriza aplicar Pfizer caso falte AstraZeneca para segunda dose"},"content":{"rendered":"\n<p>A Secretaria de Estado de Sa\u00fade do Rio de Janeiro (SES-RJ) autorizou a utiliza\u00e7\u00e3o da vacina da Pfizer contra covid-19 como segunda dose para a Oxford\/AstraZeneca, no caso de o estado n\u00e3o receber quantidade suficiente desse imunizante. Segundo a SES, a decis\u00e3o foi publicada nessa segunda-feira (16) em uma nota t\u00e9cnica.<\/p>\n\n\n\n<p>A SES refor\u00e7a que a intercambiabilidade com essas vacinas s\u00f3 poder\u00e1 ser realizada se os munic\u00edpios registrarem falta da vacina Oxford\/AstraZeneca para completar o esquema vacinal de quem j\u00e1 recebeu esse imunizante na primeira dose.<\/p>\n\n\n\n<p>Segundo a SES, a decis\u00e3o foi tomada em conjunto com a equipe de especialistas do Conselho de An\u00e1lise Epidemiol\u00f3gica que assessora a Vigil\u00e2ncia estadual.<\/p>\n\n\n\n<p>A vacina Oxford\/AstraZeneca \u00e9 produzida no Brasil pelo Instituto de Tecnologia em Imunobiol\u00f3gicos da Funda\u00e7\u00e3o Oswaldo Cruz (Fiocruz). Apesar de poder produzir mais de 1 milh\u00e3o de doses por dia, o instituto tem sua capacidade limitada pela disponibilidade do ingrediente farmac\u00eautico ativo (IFA), que precisa ser importado da China.<\/p>\n\n\n\n<p>Bio-Manguinhos j\u00e1 iniciou o processo de transfer\u00eancia de tecnologia para se tornar autossuficiente na produ\u00e7\u00e3o do insumo, mas os primeiros lotes da vacina produzida com IFA nacional s\u00f3 devem ficar prontos no quarto trimestre deste ano.<\/p>\n\n\n\n<p>At\u00e9 a semana passada, a Fiocruz j\u00e1 havia produzido e entregado 80,5 milh\u00f5es das 100,4 milh\u00f5es de doses previstas no acordo de encomenda tecnol\u00f3gica com a AstraZeneca. A funda\u00e7\u00e3o j\u00e1 encomendou IFA para mais doses e prev\u00ea refor\u00e7ar a produ\u00e7\u00e3o com o ingrediente farmac\u00eautico ativo nacional. (Ag\u00eancia Brasil)<\/p>\n","protected":false},"excerpt":{"rendered":"<p>A Secretaria de Estado de Sa\u00fade do Rio de Janeiro (SES-RJ) autorizou a utiliza\u00e7\u00e3o da vacina da Pfizer contra covid-19<\/p>\n","protected":false},"author":1,"featured_media":27759,"comment_status":"open","ping_status":"open","sticky":false,"template":"","format":"standard","meta":{"colormag_page_container_layout":"default_layout","colormag_page_sidebar_layout":"default_layout","footnotes":""},"categories":[17],"tags":[],"class_list":["post-27758","post","type-post","status-publish","format-standard","has-post-thumbnail","hentry","category-politica"],"amp_enabled":true,"_links":{"self":[{"href":"https:\/\/maricatotal.com.br\/site\/wp-json\/wp\/v2\/posts\/27758","targetHints":{"allow":["GET"]}}],"collection":[{"href":"https:\/\/maricatotal.com.br\/site\/wp-json\/wp\/v2\/posts"}],"about":[{"href":"https:\/\/maricatotal.com.br\/site\/wp-json\/wp\/v2\/types\/post"}],"author":[{"embeddable":true,"href":"https:\/\/maricatotal.com.br\/site\/wp-json\/wp\/v2\/users\/1"}],"replies":[{"embeddable":true,"href":"https:\/\/maricatotal.com.br\/site\/wp-json\/wp\/v2\/comments?post=27758"}],"version-history":[{"count":1,"href":"https:\/\/maricatotal.com.br\/site\/wp-json\/wp\/v2\/posts\/27758\/revisions"}],"predecessor-version":[{"id":27760,"href":"https:\/\/maricatotal.com.br\/site\/wp-json\/wp\/v2\/posts\/27758\/revisions\/27760"}],"wp:featuredmedia":[{"embeddable":true,"href":"https:\/\/maricatotal.com.br\/site\/wp-json\/wp\/v2\/media\/27759"}],"wp:attachment":[{"href":"https:\/\/maricatotal.com.br\/site\/wp-json\/wp\/v2\/media?parent=27758"}],"wp:term":[{"taxonomy":"category","embeddable":true,"href":"https:\/\/maricatotal.com.br\/site\/wp-json\/wp\/v2\/categories?post=27758"},{"taxonomy":"post_tag","embeddable":true,"href":"https:\/\/maricatotal.com.br\/site\/wp-json\/wp\/v2\/tags?post=27758"}],"curies":[{"name":"wp","href":"https:\/\/api.w.org\/{rel}","templated":true}]}}