{"id":27824,"date":"2021-08-19T10:14:30","date_gmt":"2021-08-19T13:14:30","guid":{"rendered":"https:\/\/maricatotal.com.br\/site\/?p=27824"},"modified":"2021-08-19T10:14:32","modified_gmt":"2021-08-19T13:14:32","slug":"agosto-dourado-fortalece-a-importancia-da-doacao-de-leite-humano","status":"publish","type":"post","link":"https:\/\/maricatotal.com.br\/site\/2021\/08\/19\/agosto-dourado-fortalece-a-importancia-da-doacao-de-leite-humano\/","title":{"rendered":"Agosto Dourado fortalece a import\u00e2ncia da doa\u00e7\u00e3o de leite humano"},"content":{"rendered":"\n<p>A Prefeitura de Maric\u00e1, por meio da Secretaria Municipal de Sa\u00fade, chega a terceira semana do Agosto Dourado, campanha de incentivo ao aleitamento materno. A campanha vai at\u00e9 dia 27 deste m\u00eas e o tema para debate nas 24 Unidades de Sa\u00fade da Fam\u00edlia (USF) \u00e9 \u201cPega e posi\u00e7\u00e3o da mama\u201d.<\/p>\n\n\n\n<p>N\u00e3o h\u00e1 hor\u00e1rios espec\u00edficos, as rodas de conversas acontecem ao longo do dia, durante toda a semana. \u00c9 necess\u00e1rio manter o distanciamento social e uso de m\u00e1scara. No pr\u00f3ximo encontro, que acontece na semana que vem, o assunto ser\u00e1 \u201cDiretos da gestante, da lactante e do rec\u00e9m-nascido\u201d. As atividades acontecem nos quatro distritos (Ponta Negra, Centro, Ino\u00e3 e Itaipua\u00e7u).<\/p>\n\n\n\n<p>A campanha ainda aborda uma a\u00e7\u00e3o muito relevante para a sa\u00fade: a doa\u00e7\u00e3o de leite materno, que salva a vida dos rec\u00e9m-nascidos que precisam de uma UTI Neonatal por tempo indeterminado e suas m\u00e3es n\u00e3o conseguem os amamentar. Maric\u00e1 possui a Sala de coleta de leite materno e apoio \u00e0 amamenta\u00e7\u00e3o, que funciona como apoio ao banco de leite materno do Hospital Universit\u00e1rio Ant\u00f4nio Pedro, de Niter\u00f3i \u2013 \u00e9 l\u00e1 que o leite \u00e9 pasteurizado e encaminhado para os beb\u00eas internados que precisam do alimento.<\/p>\n\n\n\n<p>A UTI Neonatal do hospital atende beb\u00eas de toda a regi\u00e3o, incluindo de Maric\u00e1. O munic\u00edpio conta, atualmente, com 116 doadoras.<\/p>\n\n\n\n<p>\u201cO leite materno j\u00e1 vem pronto e na temperatura certa. N\u00e3o precisa preparar ou carregar e n\u00e3o tem custo. E para quem tiver dificuldade, \u00e9 imprescind\u00edvel uma rede de apoio. A amamenta\u00e7\u00e3o foi, por anos e anos, romantizada, e \u00e9 necess\u00e1rio informa\u00e7\u00e3o e sensibilidade nesse momento da vida da m\u00e3e. Doar leite materno \u00e9 um ato de amor\u201d, avalia Solange Oliveira, m\u00e9dica obstetra e secret\u00e1ria de Sa\u00fade de Maric\u00e1.<\/p>\n\n\n\n<p>A farmac\u00eautica Luiza Pontes, de 34 anos, m\u00e3e do pequeno Artur, de 7 meses, j\u00e1 conhecia a sala de amamenta\u00e7\u00e3o e banco de leite humano do munic\u00edpio e assim que estabeleceu a amamenta\u00e7\u00e3o do filho mais novo, procurou saber mais sobre o processo de doa\u00e7\u00e3o.<\/p>\n\n\n\n<p>\u201cFui acolhida e recebi todas as informa\u00e7\u00f5es de como me tornar doadora aqui em Maric\u00e1. Fiquei surpresa com o trabalho realizado, inclusive o de coleta a domic\u00edlio, o que facilita muito a vida das doadoras. O leite materno \u00e9 um alimento natural e principal fonte de nutrientes no primeiro ano de vida de um beb\u00ea. Se pararmos para pensar que a amamenta\u00e7\u00e3o em livre demanda \u00e9 indicada como fonte exclusiva de nutri\u00e7\u00e3o nos primeiros 6 meses e o quanto um beb\u00ea se desenvolve nesse per\u00edodo, percebemos como \u00e9 um alimento completo. Al\u00e9m disso, previne a crian\u00e7a de diversas doen\u00e7as e at\u00e9 mesmo auxilia na recupera\u00e7\u00e3o em diversas situa\u00e7\u00f5es. O nosso corpo \u00e9 muito inteligente e fornece exatamente o que o beb\u00ea precisa\u201d, pondera Luiza.<\/p>\n\n\n\n<p>A m\u00e9dica pediatra Aline Peixoto, coordenadora da \u00e1rea t\u00e9cnica da sa\u00fade da crian\u00e7a e do adolescente da SMS Maric\u00e1, explica o porqu\u00ea da import\u00e2ncia de conscientizar as lactantes sobre a doa\u00e7\u00e3o de leite materno.<\/p>\n\n\n\n<p>\u201cPorque a doa\u00e7\u00e3o de leite materno pode salvar vidas. Precisamos incentivar e parabenizar as m\u00e3es pela doa\u00e7\u00e3o para que outras m\u00e3es possam ver seus filhos crescerem com os benef\u00edcios da amamenta\u00e7\u00e3o. Os beb\u00eas recebem das m\u00e3es prote\u00e7\u00e3o imunol\u00f3gica atrav\u00e9s dos anticorpos maternos. O leite materno \u00e9 a primeira vacina que o beb\u00ea recebe\u201d, explica Aline.<\/p>\n\n\n\n<p>A Sala de coleta de leite materno e apoio \u00e0 amamenta\u00e7\u00e3o fica no Posto Central (R. Cl\u00edmaco Pereira, 375, Centro). O espa\u00e7o funciona de segunda a sexta, de 8h \u00e0s 17h, sob a responsabilidade da enfermeira Karina Oliveira. O telefone para agendamento e d\u00favidas \u00e9 o 2637-3395, que tamb\u00e9m \u00e9 WhatsApp.<\/p>\n\n\n\n<p>O espa\u00e7o tamb\u00e9m oferece tratamento de laser terapia para trauma mamilar, indicado para tratamento de fissura mam\u00e1ria (seios machucados), candid\u00edase mam\u00e1ria e outros problemas que possam surgir na amamenta\u00e7\u00e3o. Antes da utiliza\u00e7\u00e3o do laser s\u00e3o feitas consultas e avalia\u00e7\u00e3o.<\/p>\n","protected":false},"excerpt":{"rendered":"<p>A Prefeitura de Maric\u00e1, por meio da Secretaria Municipal de Sa\u00fade, chega a terceira semana do Agosto Dourado, campanha de<\/p>\n","protected":false},"author":1,"featured_media":27825,"comment_status":"open","ping_status":"open","sticky":false,"template":"","format":"standard","meta":{"colormag_page_container_layout":"default_layout","colormag_page_sidebar_layout":"default_layout","footnotes":""},"categories":[18],"tags":[],"class_list":["post-27824","post","type-post","status-publish","format-standard","has-post-thumbnail","hentry","category-entretenimento"],"amp_enabled":true,"_links":{"self":[{"href":"https:\/\/maricatotal.com.br\/site\/wp-json\/wp\/v2\/posts\/27824","targetHints":{"allow":["GET"]}}],"collection":[{"href":"https:\/\/maricatotal.com.br\/site\/wp-json\/wp\/v2\/posts"}],"about":[{"href":"https:\/\/maricatotal.com.br\/site\/wp-json\/wp\/v2\/types\/post"}],"author":[{"embeddable":true,"href":"https:\/\/maricatotal.com.br\/site\/wp-json\/wp\/v2\/users\/1"}],"replies":[{"embeddable":true,"href":"https:\/\/maricatotal.com.br\/site\/wp-json\/wp\/v2\/comments?post=27824"}],"version-history":[{"count":1,"href":"https:\/\/maricatotal.com.br\/site\/wp-json\/wp\/v2\/posts\/27824\/revisions"}],"predecessor-version":[{"id":27826,"href":"https:\/\/maricatotal.com.br\/site\/wp-json\/wp\/v2\/posts\/27824\/revisions\/27826"}],"wp:featuredmedia":[{"embeddable":true,"href":"https:\/\/maricatotal.com.br\/site\/wp-json\/wp\/v2\/media\/27825"}],"wp:attachment":[{"href":"https:\/\/maricatotal.com.br\/site\/wp-json\/wp\/v2\/media?parent=27824"}],"wp:term":[{"taxonomy":"category","embeddable":true,"href":"https:\/\/maricatotal.com.br\/site\/wp-json\/wp\/v2\/categories?post=27824"},{"taxonomy":"post_tag","embeddable":true,"href":"https:\/\/maricatotal.com.br\/site\/wp-json\/wp\/v2\/tags?post=27824"}],"curies":[{"name":"wp","href":"https:\/\/api.w.org\/{rel}","templated":true}]}}