{"id":27827,"date":"2021-08-19T12:47:13","date_gmt":"2021-08-19T15:47:13","guid":{"rendered":"https:\/\/maricatotal.com.br\/site\/?p=27827"},"modified":"2021-08-19T12:47:15","modified_gmt":"2021-08-19T15:47:15","slug":"prefeitura-de-marica-realiza-5o-circulo-de-dialogos-paulo-freire","status":"publish","type":"post","link":"https:\/\/maricatotal.com.br\/site\/2021\/08\/19\/prefeitura-de-marica-realiza-5o-circulo-de-dialogos-paulo-freire\/","title":{"rendered":"Prefeitura de Maric\u00e1 realiza 5\u00ba c\u00edrculo de Di\u00e1logos Paulo Freire"},"content":{"rendered":"\n<p>A Prefeitura de Maric\u00e1, por meio da Secretaria Municipal de Educa\u00e7\u00e3o, realiza nesta quinta-feira (19\/08), \u00e0s 19h, o 5\u00ba c\u00edrculo de Di\u00e1logos Paulo Freire focando no protagonismo da juventude maricaense, que tem como tema \u201cEncontros com a juventude\u201d. O evento ser\u00e1 transmitido pelas redes sociais da prefeitura no Facebook (<a href=\"https:\/\/www.facebook.com\/prefeiturademarica\">https:\/\/www.facebook.com\/prefeiturademarica<\/a>) e Youtube (<a href=\"https:\/\/www.youtube.com\/user\/prefeiturademarica1\">https:\/\/www.youtube.com\/user\/prefeiturademarica1<\/a>).<\/p>\n\n\n\n<p>Na programa\u00e7\u00e3o, jovens de Maric\u00e1 ir\u00e3o debater quest\u00f5es sobre a educa\u00e7\u00e3o, esporte, artes e cultura, diversidade, inclus\u00e3o e primeiro emprego diante de todos os desafios que vem encontrando frente \u00e0 pandemia.<\/p>\n\n\n\n<p>A secret\u00e1ria da pasta, Adriana Costa, revelou que o \u2018Encontro com a Juventude\u2019 \u00e9 essencial para a educa\u00e7\u00e3o.<\/p>\n\n\n\n<p>\u201cFico muito grata por discutir Paulo Freire com a juventude. Essa \u00e9 a ess\u00eancia do pensamento freiriano, um jovem que se envolve em sua pr\u00f3pria aprendizagem e que se interessa pela realidade ao seu redor. Maric\u00e1 consolida nesse momento mais uma etapa muito importante para a sua educa\u00e7\u00e3o\u201d.<\/p>\n\n\n\n<p>A live ser\u00e1 mediada por Marcosbleiam \u2013 diretor adjunto do Centro Educacional Joana Benedicta Rangel, e por P\u00e9rola Campos \u2013 coordenadora do coletivo Benta, pasta racial do Movimento Popular da Juventude.<\/p>\n\n\n\n<p>\u201cFreire defendia essa educa\u00e7\u00e3o horizontal, pautada no di\u00e1logo onde o educando se torna um dos principais elementos no processo educativo. A live tem por objetivo fazer com que nossos jovens realmente se apropriem de Freire para que ent\u00e3o possam ter os elementos necess\u00e1rios para a constru\u00e7\u00e3o da uma pr\u00e1xis nossa. N\u00f3s jovens sabemos mais do que ningu\u00e9m das nossas pr\u00f3prias demandas e singularidades e Maric\u00e1 enquanto cidade educadora nos entende e incentiva\u201d, afirma P\u00e9rola Campos,&nbsp;coordenadora do coletivo Benta.<\/p>\n\n\n\n<p><strong>Quem foi Paulo Freire<\/strong><\/p>\n\n\n\n<p>Paulo Reglus Neves Freire foi um educador e fil\u00f3sofo brasileiro. \u00c9 considerado um dos pensadores mais not\u00e1veis na hist\u00f3ria da pedagogia mundial, tendo influenciado o movimento chamado pedagogia cr\u00edtica e, tamb\u00e9m, \u00e9 o Patrono da Educa\u00e7\u00e3o Brasileira.<\/p>\n\n\n\n<p>Freire era inteiramente contra a vis\u00e3o tradicional da educa\u00e7\u00e3o (de transfer\u00eancia de conhecimento), que v\u00ea o professor como aquele que possui a sabedoria e o aluno como aquele que recebe essa bagagem. Ele prop\u00f4s um m\u00e9todo onde professores e alunos dialogavam e o aprendizado se fazia com base nas necessidades di\u00e1rias reais dos alunos, uma troca de conhecimento.<\/p>\n","protected":false},"excerpt":{"rendered":"<p>A Prefeitura de Maric\u00e1, por meio da Secretaria Municipal de Educa\u00e7\u00e3o, realiza nesta quinta-feira (19\/08), \u00e0s 19h, o 5\u00ba c\u00edrculo<\/p>\n","protected":false},"author":1,"featured_media":27828,"comment_status":"open","ping_status":"open","sticky":false,"template":"","format":"standard","meta":{"colormag_page_container_layout":"default_layout","colormag_page_sidebar_layout":"default_layout","footnotes":""},"categories":[18],"tags":[],"class_list":["post-27827","post","type-post","status-publish","format-standard","has-post-thumbnail","hentry","category-entretenimento"],"amp_enabled":true,"_links":{"self":[{"href":"https:\/\/maricatotal.com.br\/site\/wp-json\/wp\/v2\/posts\/27827","targetHints":{"allow":["GET"]}}],"collection":[{"href":"https:\/\/maricatotal.com.br\/site\/wp-json\/wp\/v2\/posts"}],"about":[{"href":"https:\/\/maricatotal.com.br\/site\/wp-json\/wp\/v2\/types\/post"}],"author":[{"embeddable":true,"href":"https:\/\/maricatotal.com.br\/site\/wp-json\/wp\/v2\/users\/1"}],"replies":[{"embeddable":true,"href":"https:\/\/maricatotal.com.br\/site\/wp-json\/wp\/v2\/comments?post=27827"}],"version-history":[{"count":1,"href":"https:\/\/maricatotal.com.br\/site\/wp-json\/wp\/v2\/posts\/27827\/revisions"}],"predecessor-version":[{"id":27829,"href":"https:\/\/maricatotal.com.br\/site\/wp-json\/wp\/v2\/posts\/27827\/revisions\/27829"}],"wp:featuredmedia":[{"embeddable":true,"href":"https:\/\/maricatotal.com.br\/site\/wp-json\/wp\/v2\/media\/27828"}],"wp:attachment":[{"href":"https:\/\/maricatotal.com.br\/site\/wp-json\/wp\/v2\/media?parent=27827"}],"wp:term":[{"taxonomy":"category","embeddable":true,"href":"https:\/\/maricatotal.com.br\/site\/wp-json\/wp\/v2\/categories?post=27827"},{"taxonomy":"post_tag","embeddable":true,"href":"https:\/\/maricatotal.com.br\/site\/wp-json\/wp\/v2\/tags?post=27827"}],"curies":[{"name":"wp","href":"https:\/\/api.w.org\/{rel}","templated":true}]}}