{"id":27852,"date":"2021-08-20T07:56:59","date_gmt":"2021-08-20T10:56:59","guid":{"rendered":"https:\/\/maricatotal.com.br\/site\/?p=27852"},"modified":"2021-08-20T07:57:00","modified_gmt":"2021-08-20T10:57:00","slug":"marica-chega-a-70-da-populacao-vacinavel-com-a-primeira-dose-contra-a-covid-19","status":"publish","type":"post","link":"https:\/\/maricatotal.com.br\/site\/2021\/08\/20\/marica-chega-a-70-da-populacao-vacinavel-com-a-primeira-dose-contra-a-covid-19\/","title":{"rendered":"Maric\u00e1 chega a 70% da popula\u00e7\u00e3o vacin\u00e1vel com a primeira dose contra a Covid-19"},"content":{"rendered":"\n<p>A vacina\u00e7\u00e3o contra a Covid-19 em Maric\u00e1 atinge nesta semana a marca de 70% da popula\u00e7\u00e3o vacin\u00e1vel com a primeira dose. Os \u00faltimos dados da Secretaria de Sa\u00fade apontam que, at\u00e9 esta quarta-feira (18\/8), 90.921 pessoas receberam sua dose inicial na cidade, o equivalente a 69,88%, enquanto outros 48.279 pacientes (39,91%) j\u00e1 receberam a segunda. Deste total, com o esquema vacinal completo, 3.655 pessoas tiveram acesso \u00e0 dose \u00fanica do imunizante. Em todo o munic\u00edpio, a estimativa \u00e9 que 130.105 pessoas acima de 18 anos dever\u00e3o ser vacinadas.<\/p>\n\n\n\n<p>De acordo com a secret\u00e1ria de Sa\u00fade de Maric\u00e1, Solange Oliveira, a aplica\u00e7\u00e3o da segunda dose de quaisquer dos imunizantes est\u00e1 garantida pela reserva enviada pelo Estado para esta finalidade. Segundo ela, esses resultados est\u00e3o bem acima da m\u00e9dia nacional de vacina\u00e7\u00e3o.<\/p>\n\n\n\n<p>\u201cO sucesso da vacina\u00e7\u00e3o no munic\u00edpio se deve \u00e0 observa\u00e7\u00e3o rigorosa do Programa Nacional de Imuniza\u00e7\u00e3o (PNI) e das recomenda\u00e7\u00f5es da Secretaria Estadual de Sa\u00fade\u201d, frisou ela, revelando que a estrat\u00e9gia inicial de fazer a primeira dose dos \u201csuperidosos\u201d no domic\u00edlio, afastando das aglomera\u00e7\u00f5es, do respeito \u00e0 ordem de prioriza\u00e7\u00e3o dos grupos mais vulner\u00e1veis e da vacina\u00e7\u00e3o de 100% dos idosos e pessoas com comorbidades, favoreceu a prote\u00e7\u00e3o daqueles com maior risco de desenvolver doen\u00e7a grave.<\/p>\n\n\n\n<p>\u201cA melhora do fluxo de recebimento de doses de vacina permitiu com que avan\u00e7\u00e1ssemos nas idades e nossa expectativa \u00e9 atingir os adolescentes de 12 anos em 1\u00ba de setembro\u201d, adiantou.<\/p>\n\n\n\n<p>Apesar dos bons resultados, Solange Oliveira alerta que Maric\u00e1 est\u00e1 no contexto da regi\u00e3o e do Estado que vivem a expans\u00e3o de casos provocados pela chamada \u201cVariante Delta\u201d, que mostra ter maior poder de transmissibilidade.<\/p>\n\n\n\n<p>\u201cN\u00e3o podemos relaxar. Mesmo vacinados, temos de manter o uso da m\u00e1scara, medidas de distanciamento social e higieniza\u00e7\u00e3o frequente das m\u00e3os. Temos atendimento m\u00e9dico com fluxo diferenciado para pessoas com sintomas, testes diagn\u00f3sticos dispon\u00edveis e leitos para os cuidados que se fa\u00e7am necess\u00e1rios, mas n\u00e3o podemos esmorecer. O cuidado precisa continuar para superarmos juntos essa fase\u201d, recomendou a secret\u00e1ria.VIA<a href=\"https:\/\/www.marica.rj.gov.br\/2021\/08\/19\/marica-chega-a-70-da-populacao-vacinada-com-a-primeira-dose-contra-a-covid-19\/#\">S\u00e9rgio Renato<\/a><\/p>\n","protected":false},"excerpt":{"rendered":"<p>A vacina\u00e7\u00e3o contra a Covid-19 em Maric\u00e1 atinge nesta semana a marca de 70% da popula\u00e7\u00e3o vacin\u00e1vel com a primeira<\/p>\n","protected":false},"author":1,"featured_media":27853,"comment_status":"open","ping_status":"open","sticky":false,"template":"","format":"standard","meta":{"colormag_page_container_layout":"default_layout","colormag_page_sidebar_layout":"default_layout","footnotes":""},"categories":[18,17],"tags":[],"class_list":["post-27852","post","type-post","status-publish","format-standard","has-post-thumbnail","hentry","category-entretenimento","category-politica"],"amp_enabled":true,"_links":{"self":[{"href":"https:\/\/maricatotal.com.br\/site\/wp-json\/wp\/v2\/posts\/27852","targetHints":{"allow":["GET"]}}],"collection":[{"href":"https:\/\/maricatotal.com.br\/site\/wp-json\/wp\/v2\/posts"}],"about":[{"href":"https:\/\/maricatotal.com.br\/site\/wp-json\/wp\/v2\/types\/post"}],"author":[{"embeddable":true,"href":"https:\/\/maricatotal.com.br\/site\/wp-json\/wp\/v2\/users\/1"}],"replies":[{"embeddable":true,"href":"https:\/\/maricatotal.com.br\/site\/wp-json\/wp\/v2\/comments?post=27852"}],"version-history":[{"count":1,"href":"https:\/\/maricatotal.com.br\/site\/wp-json\/wp\/v2\/posts\/27852\/revisions"}],"predecessor-version":[{"id":27854,"href":"https:\/\/maricatotal.com.br\/site\/wp-json\/wp\/v2\/posts\/27852\/revisions\/27854"}],"wp:featuredmedia":[{"embeddable":true,"href":"https:\/\/maricatotal.com.br\/site\/wp-json\/wp\/v2\/media\/27853"}],"wp:attachment":[{"href":"https:\/\/maricatotal.com.br\/site\/wp-json\/wp\/v2\/media?parent=27852"}],"wp:term":[{"taxonomy":"category","embeddable":true,"href":"https:\/\/maricatotal.com.br\/site\/wp-json\/wp\/v2\/categories?post=27852"},{"taxonomy":"post_tag","embeddable":true,"href":"https:\/\/maricatotal.com.br\/site\/wp-json\/wp\/v2\/tags?post=27852"}],"curies":[{"name":"wp","href":"https:\/\/api.w.org\/{rel}","templated":true}]}}