{"id":28013,"date":"2021-08-26T07:35:46","date_gmt":"2021-08-26T10:35:46","guid":{"rendered":"https:\/\/maricatotal.com.br\/site\/?p=28013"},"modified":"2021-08-26T07:35:48","modified_gmt":"2021-08-26T10:35:48","slug":"cachoeira-do-espraiado-sabado-no-circuito-ecologico","status":"publish","type":"post","link":"https:\/\/maricatotal.com.br\/site\/2021\/08\/26\/cachoeira-do-espraiado-sabado-no-circuito-ecologico\/","title":{"rendered":"Cachoeira do Espraiado s\u00e1bado no Circuito Ecol\u00f3gico"},"content":{"rendered":"\n<p>A prefeitura, por meio da Secretaria de Cidade Sustent\u00e1vel, realiza neste s\u00e1bado (28\/08) mais uma caminhada do projeto \u2018Circuito Ecol\u00f3gico Caminhos de Maric\u00e1\u2019. As inscri\u00e7\u00f5es estar\u00e3o abertas a partir das 13h desta quarta-feira (25), por meio do preenchimento de formul\u00e1rio na plataforma Google Forms (<a href=\"https:\/\/docs.google.com\/forms\/d\/e\/1FAIpQLSeouTtz4JVoJwk5n6dGlvIzhArodPDbJZNp-xGComDyYJZwAg\/closedform\">clique aqui<\/a>).<\/p>\n\n\n\n<p>A atividade faz parte do circuito \u2018Ref\u00fagio de Vida Silvestre\u2019, que levar\u00e1 at\u00e9 a Cachoeira do Espraiado onde ser\u00e3o plantadas 30 mudas de Ip\u00eas em uma \u00e1rea de recupera\u00e7\u00e3o e instaladas quatro placas indicativas no local.<\/p>\n\n\n\n<p>A programa\u00e7\u00e3o ser\u00e1 em homenagem ao Dia Nacional do Volunt\u00e1rio, que \u00e9 celebrado no dia 28 de agosto, e tem como objetivo fortalecer e reconhecer a import\u00e2ncia do volunt\u00e1rio.<\/p>\n\n\n\n<p>Para realizar o percurso, \u00e9 indicado o uso de roupa confort\u00e1vel, cal\u00e7ado apropriado e chap\u00e9u\/bon\u00e9. Tamb\u00e9m \u00e9 importante que todos levem m\u00e1scara extra, \u00e1lcool em gel, \u00e1gua, lanche, repelente e protetor solar.<\/p>\n\n\n\n<p>O ponto de encontro ser\u00e1 na sede das Unidades de Conserva\u00e7\u00e3o de Maric\u00e1 (Rua Thomas Cola\u00e7o, s\/n\u00ba, pr\u00f3ximo da cachoeira do Espraiado), \u00e0s 8h.<\/p>\n\n\n\n<p>SERVI\u00c7O:<\/p>\n\n\n\n<p>Trilha: Cachoeira do Espraiado<\/p>\n\n\n\n<p>S\u00e1bado \u2013 28\/08<\/p>\n\n\n\n<p>Hor\u00e1rio: 8h<\/p>\n\n\n\n<p>Ponto de encontro: sede das Unidades de Conserva\u00e7\u00e3o de Maric\u00e1 (Rua Thomas Cola\u00e7o, s\/n\u00ba, pr\u00f3ximo da cachoeira do Espraiado)<\/p>\n\n\n\n<p>Atividade: plantio de 30 mudas de Ip\u00eas<\/p>\n","protected":false},"excerpt":{"rendered":"<p>A prefeitura, por meio da Secretaria de Cidade Sustent\u00e1vel, realiza neste s\u00e1bado (28\/08) mais uma caminhada do projeto \u2018Circuito Ecol\u00f3gico<\/p>\n","protected":false},"author":1,"featured_media":28014,"comment_status":"open","ping_status":"open","sticky":false,"template":"","format":"standard","meta":{"colormag_page_container_layout":"default_layout","colormag_page_sidebar_layout":"default_layout","footnotes":""},"categories":[18],"tags":[],"class_list":["post-28013","post","type-post","status-publish","format-standard","has-post-thumbnail","hentry","category-entretenimento"],"amp_enabled":true,"_links":{"self":[{"href":"https:\/\/maricatotal.com.br\/site\/wp-json\/wp\/v2\/posts\/28013","targetHints":{"allow":["GET"]}}],"collection":[{"href":"https:\/\/maricatotal.com.br\/site\/wp-json\/wp\/v2\/posts"}],"about":[{"href":"https:\/\/maricatotal.com.br\/site\/wp-json\/wp\/v2\/types\/post"}],"author":[{"embeddable":true,"href":"https:\/\/maricatotal.com.br\/site\/wp-json\/wp\/v2\/users\/1"}],"replies":[{"embeddable":true,"href":"https:\/\/maricatotal.com.br\/site\/wp-json\/wp\/v2\/comments?post=28013"}],"version-history":[{"count":1,"href":"https:\/\/maricatotal.com.br\/site\/wp-json\/wp\/v2\/posts\/28013\/revisions"}],"predecessor-version":[{"id":28015,"href":"https:\/\/maricatotal.com.br\/site\/wp-json\/wp\/v2\/posts\/28013\/revisions\/28015"}],"wp:featuredmedia":[{"embeddable":true,"href":"https:\/\/maricatotal.com.br\/site\/wp-json\/wp\/v2\/media\/28014"}],"wp:attachment":[{"href":"https:\/\/maricatotal.com.br\/site\/wp-json\/wp\/v2\/media?parent=28013"}],"wp:term":[{"taxonomy":"category","embeddable":true,"href":"https:\/\/maricatotal.com.br\/site\/wp-json\/wp\/v2\/categories?post=28013"},{"taxonomy":"post_tag","embeddable":true,"href":"https:\/\/maricatotal.com.br\/site\/wp-json\/wp\/v2\/tags?post=28013"}],"curies":[{"name":"wp","href":"https:\/\/api.w.org\/{rel}","templated":true}]}}