{"id":28029,"date":"2021-08-26T12:55:34","date_gmt":"2021-08-26T15:55:34","guid":{"rendered":"https:\/\/maricatotal.com.br\/site\/?p=28029"},"modified":"2021-08-26T12:55:36","modified_gmt":"2021-08-26T15:55:36","slug":"maraey-retoma-processo-de-licenciamento-do-empreendimento","status":"publish","type":"post","link":"https:\/\/maricatotal.com.br\/site\/2021\/08\/26\/maraey-retoma-processo-de-licenciamento-do-empreendimento\/","title":{"rendered":"MARAEY retoma processo de licenciamento do empreendimento"},"content":{"rendered":"\n<figure class=\"wp-block-table\"><table><tbody><tr><td><\/td><td>A MARAEY retomou o processo de licenciamento do projeto junto ao Instituto Estadual do Ambiente (Inea) nesta quarta-feira (25), ap\u00f3s a nova decis\u00e3o judicial un\u00e2nime da 18\u00aa C\u00e2mara C\u00edvel do Tribunal de Justi\u00e7a do Estado do Rio de Janeiro, favor\u00e1vel ao empreendimento. Com isso, a senten\u00e7a de primeira inst\u00e2ncia, que impedia o andamento do projeto, foi inteiramente anulada, diante dos v\u00edcios e erros existentes. <br><br>O CEO de MARAEY, Emilio Izquierdo, comemorou a decis\u00e3o da Justi\u00e7a, que, para ele, recoloca Maric\u00e1 nos trilhos do desenvolvimento sustent\u00e1vel: &#8220;Seguimos com o compromisso de entregar ao munic\u00edpio um projeto \u00fanico e inovador, que vai transformar a regi\u00e3o, sem abrir m\u00e3o da prote\u00e7\u00e3o ao meio ambiente, responsabilidade social e uma governan\u00e7a \u00e9tica. A licen\u00e7a ser\u00e1 concedida a um projeto fundado nesses nossos valores fundamentais&#8221;.<br><br>O diretor-executivo de MARAEY, David Galipienzo, trabalha neste momento para a obten\u00e7\u00e3o da Licen\u00e7a de Instala\u00e7\u00e3o (LI) do empreendimento junto ao Inea. &#8220;Nossa solicita\u00e7\u00e3o de LI, que autoriza o in\u00edcio das obras, \u00e9 de 2019. J\u00e1 entregamos todos os documentos e pedidos de complementa\u00e7\u00e3o requeridos pelo \u00f3rg\u00e3o ambiental. Vamos seguir trabalhando intensamente, nesta fase final de licenciamento, para autorizar o in\u00edcio das obras o mais rapidamente poss\u00edvel&#8221;, diz Galipienzo.<br><br>Luciana Andrade, diretora de Sustentabilidade de MARAEY, faz a conex\u00e3o entre a autoriza\u00e7\u00e3o que ser\u00e1 concedida ao projeto e o avan\u00e7o nas transforma\u00e7\u00f5es do munic\u00edpio:<br><br>&#8220;Vejo um futuro muito promissor nesta parceria entre Maric\u00e1 e MARAEY em torno do desenvolvimento sustent\u00e1vel harm\u00f4nico do munic\u00edpio. Acredito que o projeto ser\u00e1 um divisor de \u00e1guas, contribuindo para fomentar a economia local num modelo mais equilibrado, que contribuir\u00e1 com a cidade mesmo num futuro p\u00f3s-royalties.&#8221;<\/td><\/tr><\/tbody><\/table><\/figure>\n","protected":false},"excerpt":{"rendered":"<p>A MARAEY retomou o processo de licenciamento do projeto junto ao Instituto Estadual do Ambiente (Inea) nesta quarta-feira (25), ap\u00f3s<\/p>\n","protected":false},"author":1,"featured_media":28030,"comment_status":"open","ping_status":"open","sticky":false,"template":"","format":"standard","meta":{"colormag_page_container_layout":"default_layout","colormag_page_sidebar_layout":"default_layout","footnotes":""},"categories":[18,17],"tags":[],"class_list":["post-28029","post","type-post","status-publish","format-standard","has-post-thumbnail","hentry","category-entretenimento","category-politica"],"amp_enabled":true,"_links":{"self":[{"href":"https:\/\/maricatotal.com.br\/site\/wp-json\/wp\/v2\/posts\/28029","targetHints":{"allow":["GET"]}}],"collection":[{"href":"https:\/\/maricatotal.com.br\/site\/wp-json\/wp\/v2\/posts"}],"about":[{"href":"https:\/\/maricatotal.com.br\/site\/wp-json\/wp\/v2\/types\/post"}],"author":[{"embeddable":true,"href":"https:\/\/maricatotal.com.br\/site\/wp-json\/wp\/v2\/users\/1"}],"replies":[{"embeddable":true,"href":"https:\/\/maricatotal.com.br\/site\/wp-json\/wp\/v2\/comments?post=28029"}],"version-history":[{"count":1,"href":"https:\/\/maricatotal.com.br\/site\/wp-json\/wp\/v2\/posts\/28029\/revisions"}],"predecessor-version":[{"id":28031,"href":"https:\/\/maricatotal.com.br\/site\/wp-json\/wp\/v2\/posts\/28029\/revisions\/28031"}],"wp:featuredmedia":[{"embeddable":true,"href":"https:\/\/maricatotal.com.br\/site\/wp-json\/wp\/v2\/media\/28030"}],"wp:attachment":[{"href":"https:\/\/maricatotal.com.br\/site\/wp-json\/wp\/v2\/media?parent=28029"}],"wp:term":[{"taxonomy":"category","embeddable":true,"href":"https:\/\/maricatotal.com.br\/site\/wp-json\/wp\/v2\/categories?post=28029"},{"taxonomy":"post_tag","embeddable":true,"href":"https:\/\/maricatotal.com.br\/site\/wp-json\/wp\/v2\/tags?post=28029"}],"curies":[{"name":"wp","href":"https:\/\/api.w.org\/{rel}","templated":true}]}}