{"id":28051,"date":"2021-08-27T07:07:52","date_gmt":"2021-08-27T10:07:52","guid":{"rendered":"https:\/\/maricatotal.com.br\/site\/?p=28051"},"modified":"2021-08-27T07:07:53","modified_gmt":"2021-08-27T10:07:53","slug":"prefeitura-assina-convenio-com-estado-para-desenvolvimento-de-projetos-para-a-regiao-metropolitana","status":"publish","type":"post","link":"https:\/\/maricatotal.com.br\/site\/2021\/08\/27\/prefeitura-assina-convenio-com-estado-para-desenvolvimento-de-projetos-para-a-regiao-metropolitana\/","title":{"rendered":"Prefeitura assina conv\u00eanio com Estado para Desenvolvimento de Projetos para a Regi\u00e3o Metropolitana"},"content":{"rendered":"\n<p>A Prefeitura de Maric\u00e1, por meio da Companhia de Saneamento de Maric\u00e1 (Sanemar)&nbsp; assinou&nbsp; nesta quinta-feira (26\/08) conv\u00eanio com o Instituto da Regi\u00e3o Metropolitana (IRM) para a instala\u00e7\u00e3o de um escrit\u00f3rio de projetos aqui na cidade. A proposta do escrit\u00f3rio \u00e9 desenvolver projetos em v\u00e1rias \u00e1reas como, saneamento, \u00e1gua e mobilidade urbana integrando os munic\u00edpios que fazem parte da regi\u00e3o metropolitana.<\/p>\n\n\n\n<p>A assinatura aconteceu na sede da Sanemar com as presen\u00e7as do prefeito Fabiano Horta, a primeira-dama, Rosana Horta, a presidente da Sanemar Rita Rocha, dos diretores do IRM Alexandre Mendes, Maur\u00edcio Knoploch, o secret\u00e1rio de Governo Jo\u00e3o Maur\u00edcio e o secret\u00e1rio Desenvolvimento Igor Sardinha.<\/p>\n\n\n\n<p>O prefeito Fabiano Horta falou da import\u00e2ncia do di\u00e1logo permanente entre os entes para a constru\u00e7\u00e3o de uma sociedade pr\u00f3spera para todos que moram em Maric\u00e1 e do compromisso de se discutir um futuro melhor para toda a regi\u00e3o.<\/p>\n\n\n\n<p>\u201cEstamos muito felizes pela presen\u00e7a do Estado na nossa cidade. A regi\u00e3o metropolitana merece projetos em todas as \u00e1reas. Al\u00e9m da \u00e1gua e do saneamento temos a quest\u00e3o da mobilidade e temos o compromisso de levantar essas discuss\u00f5es para o futuro de uma cidade contempor\u00e2nea\u201d, ressaltou o prefeito.<\/p>\n\n\n\n<p>Para a presidente da Sanemar Rita Rocha a vinda o escrit\u00f3rio do IRM&nbsp; \u00e9 mais uma vit\u00f3ria&nbsp; para Maric\u00e1. \u201cGostaria de lembrar que foi com aprova\u00e7\u00e3o do Conselho da Regi\u00e3o Metropolitana que no final de junho, a Sanemar obteve a autoriza\u00e7\u00e3o para investir com seguran\u00e7a na \u00e1rea de esgotamento sanit\u00e1rio\u201d, disse a Rita.<\/p>\n\n\n\n<p>J\u00e1 o diretor de Planejamento e Projetos do IRM, Maur\u00edcio Knoploch, fez quest\u00e3o de frisar os avan\u00e7os que Maric\u00e1 teve nos \u00faltimos anos. \u201cMaric\u00e1 \u00e9 com certeza um caso de sucesso na regi\u00e3o. Teve avan\u00e7os impressionantes nos \u00faltimos anos e em pouco tempo vai iniciar obras de impacto na \u00e1rea de saneamento. O IRM est\u00e1 aqui como um \u00f3rg\u00e3o catalisador para ajudar os munic\u00edpios da regi\u00e3o metropolitana e o sucesso de Maric\u00e1 deve ser compartilhado com todos\u201d, afirmou.<\/p>\n","protected":false},"excerpt":{"rendered":"<p>A Prefeitura de Maric\u00e1, por meio da Companhia de Saneamento de Maric\u00e1 (Sanemar)&nbsp; assinou&nbsp; nesta quinta-feira (26\/08) conv\u00eanio com o<\/p>\n","protected":false},"author":1,"featured_media":28052,"comment_status":"open","ping_status":"open","sticky":false,"template":"","format":"standard","meta":{"colormag_page_container_layout":"default_layout","colormag_page_sidebar_layout":"default_layout","footnotes":""},"categories":[17],"tags":[],"class_list":["post-28051","post","type-post","status-publish","format-standard","has-post-thumbnail","hentry","category-politica"],"amp_enabled":true,"_links":{"self":[{"href":"https:\/\/maricatotal.com.br\/site\/wp-json\/wp\/v2\/posts\/28051","targetHints":{"allow":["GET"]}}],"collection":[{"href":"https:\/\/maricatotal.com.br\/site\/wp-json\/wp\/v2\/posts"}],"about":[{"href":"https:\/\/maricatotal.com.br\/site\/wp-json\/wp\/v2\/types\/post"}],"author":[{"embeddable":true,"href":"https:\/\/maricatotal.com.br\/site\/wp-json\/wp\/v2\/users\/1"}],"replies":[{"embeddable":true,"href":"https:\/\/maricatotal.com.br\/site\/wp-json\/wp\/v2\/comments?post=28051"}],"version-history":[{"count":1,"href":"https:\/\/maricatotal.com.br\/site\/wp-json\/wp\/v2\/posts\/28051\/revisions"}],"predecessor-version":[{"id":28053,"href":"https:\/\/maricatotal.com.br\/site\/wp-json\/wp\/v2\/posts\/28051\/revisions\/28053"}],"wp:featuredmedia":[{"embeddable":true,"href":"https:\/\/maricatotal.com.br\/site\/wp-json\/wp\/v2\/media\/28052"}],"wp:attachment":[{"href":"https:\/\/maricatotal.com.br\/site\/wp-json\/wp\/v2\/media?parent=28051"}],"wp:term":[{"taxonomy":"category","embeddable":true,"href":"https:\/\/maricatotal.com.br\/site\/wp-json\/wp\/v2\/categories?post=28051"},{"taxonomy":"post_tag","embeddable":true,"href":"https:\/\/maricatotal.com.br\/site\/wp-json\/wp\/v2\/tags?post=28051"}],"curies":[{"name":"wp","href":"https:\/\/api.w.org\/{rel}","templated":true}]}}