{"id":28237,"date":"2021-08-31T19:07:34","date_gmt":"2021-08-31T22:07:34","guid":{"rendered":"https:\/\/maricatotal.com.br\/site\/?p=28237"},"modified":"2021-08-31T19:07:35","modified_gmt":"2021-08-31T22:07:35","slug":"marica-mantem-suspensa-a-primeira-dose-das-vacinas-contra-a-covid-19","status":"publish","type":"post","link":"https:\/\/maricatotal.com.br\/site\/2021\/08\/31\/marica-mantem-suspensa-a-primeira-dose-das-vacinas-contra-a-covid-19\/","title":{"rendered":"Maric\u00e1 mant\u00e9m suspensa a primeira dose das vacinas contra a Covid-19"},"content":{"rendered":"\n<p>A Prefeitura de Maric\u00e1 mant\u00e9m suspensa a aplica\u00e7\u00e3o da primeira dose (D1) das vacinas contra a Covid-19 nesta quarta-feira (01\/09), j\u00e1 que o Minist\u00e9rio da Sa\u00fade (MS) enviou um lote insuficiente de imunizantes para a primeira dose. No entanto, est\u00e1 garantida a segunda dose (D2) para as pessoas que foram vacinadas na cidade.<\/p>\n\n\n\n<p>Nesta ter\u00e7a-feira (31\/08), o munic\u00edpio recebeu 4.100 doses de vacinas contra a Influenza, para refor\u00e7ar a campanha de imuniza\u00e7\u00e3o da gripe em Maric\u00e1.<\/p>\n\n\n\n<p>De acordo com a secret\u00e1ria de Sa\u00fade, Solange Oliveira, a campanha de vacina\u00e7\u00e3o contra o novo coronav\u00edrus j\u00e1 mostra resultados positivos na cidade, sendo necess\u00e1ria a chegada de remessas mais regulares para manter os avan\u00e7os no cronograma.<\/p>\n\n\n\n<p>\u201cMaric\u00e1 est\u00e1 fazendo o seu dever de casa. Fechamos, na \u00faltima semana, 77% da popula\u00e7\u00e3o com 18 anos ou mais com a primeira dose da vacina, isso com o diferencial de termos vacinado 100% da popula\u00e7\u00e3o mais vulner\u00e1vel com as duas doses\u201d, informou a secret\u00e1ria.<\/p>\n\n\n\n<p>\u201cAvan\u00e7amos na vacina\u00e7\u00e3o dos adolescentes de mais de 13 anos, restando as idades de 12 e 13 anos, na depend\u00eancia da chegada de doses, o que deve acontecer at\u00e9 o final da semana\u201d, acrescentou. \u201cTemos as segundas doses reservadas para todos os imunizantes, mas \u00e9 fundamental que o fluxo de recebimento de vacinas seja mantido para a realiza\u00e7\u00e3o da terceira dose e neutralizar os efeitos das variantes\u201d, concluiu Solange.<\/p>\n\n\n\n<p>A aplica\u00e7\u00e3o da segunda dose segue de segunda a sexta-feira, das 9h \u00e0s 16h, nos seguintes polos: Unidade de Sa\u00fade da Fam\u00edlia (USF) Central, USF Marinel\u00e2ndia, USF Ch\u00e1cara de Ino\u00e3, USF Jardim Atl\u00e2ntico, Unidade Volante de Vacina\u00e7\u00e3o (UVV) Aeroporto de Maric\u00e1 e UVV Centro Administrativo da Prefeitura em Itaipua\u00e7u. As gestantes, pu\u00e9rperas e lactantes, podem receber a dose no Posto Central, \u00e0s ter\u00e7as e quintas-feiras, de 9h \u00e0s 12h.<\/p>\n","protected":false},"excerpt":{"rendered":"<p>A Prefeitura de Maric\u00e1 mant\u00e9m suspensa a aplica\u00e7\u00e3o da primeira dose (D1) das vacinas contra a Covid-19 nesta quarta-feira (01\/09),<\/p>\n","protected":false},"author":1,"featured_media":28238,"comment_status":"open","ping_status":"open","sticky":false,"template":"","format":"standard","meta":{"colormag_page_container_layout":"default_layout","colormag_page_sidebar_layout":"default_layout","footnotes":""},"categories":[17],"tags":[],"class_list":["post-28237","post","type-post","status-publish","format-standard","has-post-thumbnail","hentry","category-politica"],"amp_enabled":true,"_links":{"self":[{"href":"https:\/\/maricatotal.com.br\/site\/wp-json\/wp\/v2\/posts\/28237","targetHints":{"allow":["GET"]}}],"collection":[{"href":"https:\/\/maricatotal.com.br\/site\/wp-json\/wp\/v2\/posts"}],"about":[{"href":"https:\/\/maricatotal.com.br\/site\/wp-json\/wp\/v2\/types\/post"}],"author":[{"embeddable":true,"href":"https:\/\/maricatotal.com.br\/site\/wp-json\/wp\/v2\/users\/1"}],"replies":[{"embeddable":true,"href":"https:\/\/maricatotal.com.br\/site\/wp-json\/wp\/v2\/comments?post=28237"}],"version-history":[{"count":1,"href":"https:\/\/maricatotal.com.br\/site\/wp-json\/wp\/v2\/posts\/28237\/revisions"}],"predecessor-version":[{"id":28239,"href":"https:\/\/maricatotal.com.br\/site\/wp-json\/wp\/v2\/posts\/28237\/revisions\/28239"}],"wp:featuredmedia":[{"embeddable":true,"href":"https:\/\/maricatotal.com.br\/site\/wp-json\/wp\/v2\/media\/28238"}],"wp:attachment":[{"href":"https:\/\/maricatotal.com.br\/site\/wp-json\/wp\/v2\/media?parent=28237"}],"wp:term":[{"taxonomy":"category","embeddable":true,"href":"https:\/\/maricatotal.com.br\/site\/wp-json\/wp\/v2\/categories?post=28237"},{"taxonomy":"post_tag","embeddable":true,"href":"https:\/\/maricatotal.com.br\/site\/wp-json\/wp\/v2\/tags?post=28237"}],"curies":[{"name":"wp","href":"https:\/\/api.w.org\/{rel}","templated":true}]}}