{"id":28271,"date":"2021-09-01T13:07:10","date_gmt":"2021-09-01T16:07:10","guid":{"rendered":"https:\/\/maricatotal.com.br\/site\/?p=28271"},"modified":"2021-09-01T13:07:12","modified_gmt":"2021-09-01T16:07:12","slug":"trabalhadores-nascidos-em-janeiro-podem-sacar-auxilio-emergencial","status":"publish","type":"post","link":"https:\/\/maricatotal.com.br\/site\/2021\/09\/01\/trabalhadores-nascidos-em-janeiro-podem-sacar-auxilio-emergencial\/","title":{"rendered":"Trabalhadores nascidos em janeiro podem sacar aux\u00edlio emergencial"},"content":{"rendered":"\n<p>Trabalhadores informais e inscritos no Cadastro \u00danico para Programas Sociais do Governo Federal (Cad\u00danico) nascidos em janeiro podem sacar, a partir de&nbsp;hoje&nbsp;(1\u00ba), a&nbsp;quinta&nbsp;parcela do aux\u00edlio emergencial 2021. O dinheiro foi depositado nas contas poupan\u00e7a digitais da Caixa Econ\u00f4mica Federal em&nbsp;20 de agosto.<img decoding=\"async\" src=\"https:\/\/agenciabrasil.ebc.com.br\/ebc.png?id=1420223&amp;o=node\"><img decoding=\"async\" src=\"https:\/\/agenciabrasil.ebc.com.br\/ebc.gif?id=1420223&amp;o=node\"><\/p>\n\n\n\n<p>Os recursos tamb\u00e9m podem ser transferidos para uma conta-corrente, sem custos para o usu\u00e1rio. At\u00e9 agora, o dinheiro podia ser movimentado apenas por meio do aplicativo Caixa Tem, que permite o pagamento de contas&nbsp;dom\u00e9sticas (\u00e1gua, luz, telefone e g\u00e1s), de boletos, compras em lojas virtuais ou compras com o c\u00f3digo QR (vers\u00e3o avan\u00e7ada do c\u00f3digo de barras) em maquininhas de estabelecimentos parceiros.<\/p>\n\n\n\n<p>Em caso de d\u00favidas, a central telef\u00f4nica 111 da Caixa funciona de&nbsp;segunda&nbsp;a&nbsp;domingo, das 7h \u00e0s 22h. Al\u00e9m disso, o benefici\u00e1rio pode consultar o&nbsp;<em>site<\/em>&nbsp;<a href=\"https:\/\/auxilio.caixa.gov.br\/#\/inicio\" target=\"_blank\" rel=\"noreferrer noopener\">auxilio.caixa.gov.br<\/a>.<\/p>\n\n\n\n<p>O aux\u00edlio emergencial foi criado em abril do ano passado pelo governo federal para atender pessoas vulner\u00e1veis afetadas pela pandemia de covid-19. Ele foi pago em cinco parcelas de R$ 600 ou R$ 1,2 mil para m\u00e3es chefes de fam\u00edlia monoparental e, depois, estendido at\u00e9&nbsp;31 de dezembro&nbsp;de 2020 em at\u00e9 quatro parcelas de R$ 300 ou R$ 600 cada.<\/p>\n\n\n\n<p>Neste ano, a nova rodada de pagamentos, durante sete meses, tem parcelas de R$ 150 a R$ 375, dependendo do perfil: as fam\u00edlias, em geral, recebem R$ 250; a fam\u00edlia monoparental, chefiada por uma mulher, recebe R$ 375; e pessoas que moram sozinhas recebem R$ 150.<\/p>\n\n\n\n<figure class=\"wp-block-image size-full\"><img loading=\"lazy\" decoding=\"async\" width=\"754\" height=\"549\" src=\"https:\/\/maricatotal.com.br\/site\/wp-content\/uploads\/2021\/09\/calendario_de_pagamento_da_quinta_parcela_do_auxilio_emergencial_2021.jpg\" alt=\"\" class=\"wp-image-28272\" srcset=\"https:\/\/maricatotal.com.br\/site\/wp-content\/uploads\/2021\/09\/calendario_de_pagamento_da_quinta_parcela_do_auxilio_emergencial_2021.jpg 754w, https:\/\/maricatotal.com.br\/site\/wp-content\/uploads\/2021\/09\/calendario_de_pagamento_da_quinta_parcela_do_auxilio_emergencial_2021-300x218.jpg 300w\" sizes=\"auto, (max-width: 754px) 100vw, 754px\" \/><\/figure>\n\n\n\n<h2 class=\"wp-block-heading\">Regras<\/h2>\n\n\n\n<p>Pelas regras estabelecidas, o aux\u00edlio \u00e9 pago \u00e0s fam\u00edlias com renda mensal total de at\u00e9 tr\u00eas sal\u00e1rios m\u00ednimos, desde que a renda por pessoa seja inferior a meio sal\u00e1rio m\u00ednimo. \u00c9 necess\u00e1rio que o benefici\u00e1rio j\u00e1 tenha sido considerado eleg\u00edvel at\u00e9 o m\u00eas&nbsp;de dezembro&nbsp;de 2020, pois n\u00e3o h\u00e1 nova fase de inscri\u00e7\u00f5es. Para quem recebe o Bolsa Fam\u00edlia, continua valendo a regra do valor mais vantajoso, seja a parcela paga no programa social, seja a do aux\u00edlio emergencial.<\/p>\n\n\n\n<p>O programa se encerraria com a\u00a0quarta\u00a0parcela, depositada em julho e sacada em agosto, mas foi\u00a0prorrogado at\u00e9 outubro, com os mesmos valores para o benef\u00edcio. (Ag\u00eancia Brasil)<\/p>\n","protected":false},"excerpt":{"rendered":"<p>Trabalhadores informais e inscritos no Cadastro \u00danico para Programas Sociais do Governo Federal (Cad\u00danico) nascidos em janeiro podem sacar, a<\/p>\n","protected":false},"author":1,"featured_media":28158,"comment_status":"open","ping_status":"open","sticky":false,"template":"","format":"standard","meta":{"colormag_page_container_layout":"default_layout","colormag_page_sidebar_layout":"default_layout","footnotes":""},"categories":[17],"tags":[],"class_list":["post-28271","post","type-post","status-publish","format-standard","has-post-thumbnail","hentry","category-politica"],"amp_enabled":true,"_links":{"self":[{"href":"https:\/\/maricatotal.com.br\/site\/wp-json\/wp\/v2\/posts\/28271","targetHints":{"allow":["GET"]}}],"collection":[{"href":"https:\/\/maricatotal.com.br\/site\/wp-json\/wp\/v2\/posts"}],"about":[{"href":"https:\/\/maricatotal.com.br\/site\/wp-json\/wp\/v2\/types\/post"}],"author":[{"embeddable":true,"href":"https:\/\/maricatotal.com.br\/site\/wp-json\/wp\/v2\/users\/1"}],"replies":[{"embeddable":true,"href":"https:\/\/maricatotal.com.br\/site\/wp-json\/wp\/v2\/comments?post=28271"}],"version-history":[{"count":1,"href":"https:\/\/maricatotal.com.br\/site\/wp-json\/wp\/v2\/posts\/28271\/revisions"}],"predecessor-version":[{"id":28273,"href":"https:\/\/maricatotal.com.br\/site\/wp-json\/wp\/v2\/posts\/28271\/revisions\/28273"}],"wp:featuredmedia":[{"embeddable":true,"href":"https:\/\/maricatotal.com.br\/site\/wp-json\/wp\/v2\/media\/28158"}],"wp:attachment":[{"href":"https:\/\/maricatotal.com.br\/site\/wp-json\/wp\/v2\/media?parent=28271"}],"wp:term":[{"taxonomy":"category","embeddable":true,"href":"https:\/\/maricatotal.com.br\/site\/wp-json\/wp\/v2\/categories?post=28271"},{"taxonomy":"post_tag","embeddable":true,"href":"https:\/\/maricatotal.com.br\/site\/wp-json\/wp\/v2\/tags?post=28271"}],"curies":[{"name":"wp","href":"https:\/\/api.w.org\/{rel}","templated":true}]}}