{"id":28361,"date":"2021-09-03T07:09:14","date_gmt":"2021-09-03T10:09:14","guid":{"rendered":"https:\/\/maricatotal.com.br\/site\/?p=28361"},"modified":"2021-09-03T07:09:16","modified_gmt":"2021-09-03T10:09:16","slug":"restaurante-municipal-mauro-alemao-assegura-a-alimentacao-saudavel","status":"publish","type":"post","link":"https:\/\/maricatotal.com.br\/site\/2021\/09\/03\/restaurante-municipal-mauro-alemao-assegura-a-alimentacao-saudavel\/","title":{"rendered":"Restaurante Municipal Mauro Alem\u00e3o assegura a alimenta\u00e7\u00e3o saud\u00e1vel"},"content":{"rendered":"\n<p>Inaugurado pela Prefeitura de Maric\u00e1 em 30\/08, o Restaurante Municipal Mauro Alem\u00e3o, em Ino\u00e3, j\u00e1 demonstra, em poucos dias de funcionamento, a sua alta import\u00e2ncia na cidade, ao incluir a seguran\u00e7a alimentar no cotidiano dos moradores em situa\u00e7\u00e3o de vulnerabilidade. A unidade oferece refei\u00e7\u00f5es com pre\u00e7os simb\u00f3licos, entre R$ 1 (caf\u00e9 da manh\u00e3) e R$ 2 (almo\u00e7o) com ingredientes saud\u00e1veis e de qualidade.<\/p>\n\n\n\n<p>As refei\u00e7\u00f5es s\u00e3o uma alternativa \u00e0s fam\u00edlias que enfrentam dificuldades financeiras e n\u00e3o possuem condi\u00e7\u00f5es de frequentar lanchonetes e restaurantes tradicionais. Na regi\u00e3o, os moradores pagam, em m\u00e9dia, R$ 4,50 por um caf\u00e9 com p\u00e3o e manteiga, al\u00e9m de R$ 14 em um almo\u00e7o do tipo prato feito (PF). S\u00f3 com o almo\u00e7o, a pessoa que tem um sal\u00e1rio m\u00ednimo como renda gastar\u00e1 mensalmente, cerca de R$ 400.<\/p>\n\n\n\n<p>Uma das fam\u00edlias que j\u00e1 utilizam o espa\u00e7o diariamente para suas refei\u00e7\u00f5es \u00e9 a da dona de casa Ana Carolina Leite, de 30 anos, moradora do residencial Carlos Alberto Soares de Freitas (Minha Casa Minha Vida de Ino\u00e3). Sua primeira ida ao restaurante foi na segunda-feira (30), quando o espa\u00e7o entrou em funcionamento. A partir da qualidade da refei\u00e7\u00e3o, viu uma op\u00e7\u00e3o de alimenta\u00e7\u00e3o para a fam\u00edlia, por um valor que pode pagar, trazendo economia di\u00e1ria \u00e0s finan\u00e7as.<\/p>\n\n\n\n<p>\u201cQuase n\u00e3o tomava caf\u00e9 da manh\u00e3, apenas fazia o caf\u00e9 para o meu marido antes dele ir trabalhar. Inclusive, levava as crian\u00e7as mais cedo \u00e0 escola para terem a oportunidade de tomar caf\u00e9 da manh\u00e3 no local. Fazendo as refei\u00e7\u00f5es aqui, terei o custo de R$ 60 semanalmente para a minha alimenta\u00e7\u00e3o, dos meus dois filhos e do meu marido, cabendo no meu or\u00e7amento e economizando bastante\u201d, explicou a dona de casa.<\/p>\n\n\n\n<p>\u201cO almo\u00e7o aqui vem em grande quantidade, sendo bem completo. Por isso, acaba que economizamos tamb\u00e9m no jantar, por j\u00e1 estarmos satisfeitos no fim do dia. Com essas refei\u00e7\u00f5es, consigo ter um card\u00e1pio mais variado, com legumes, verduras e menos gordura, sendo bem saud\u00e1vel\u201d, acrescentou Ana Carolina.<\/p>\n\n\n\n<p>\u201cN\u00e3o faz\u00edamos as refei\u00e7\u00f5es juntos, por conta do trabalho do meu marido. Agora, com o restaurante municipal, ele consegue vir at\u00e9 aqui no hor\u00e1rio do almo\u00e7o e encontrar comigo e nossos filhos. Isso traz economia de g\u00e1s e compras, mas tamb\u00e9m traz o mais importante: uni\u00e3o para a nossa fam\u00edlia\u201d, completou.<\/p>\n\n\n\n<p><strong>Aux\u00edlio aos aposentados<\/strong><\/p>\n\n\n\n<p>Outro p\u00fablico com grande presen\u00e7a no Restaurante Municipal Mauro Alem\u00e3o s\u00e3o os aposentados, principalmente os que recebem valores baixos do benef\u00edcio. Faz parte desse grupo Maria Aparecida Chagas, de 64 anos, moradora de Guaratiba. A idosa destaca que, mesmo morando em um bairro distante de Ino\u00e3 (fica a cerca de 30 km), pretende ir almo\u00e7ar no local todos os dias, gra\u00e7as aos \u00f4nibus tarifa zero conhecidos como \u2018vermelhinhos\u2019, da Empresa P\u00fablica de Transporte (EPT), que interligam toda a cidade.<\/p>\n\n\n\n<p>\u201c\u00c9 excelente ter um restaurante como esse em Maric\u00e1. Eu consigo vir diariamente de Guaratiba at\u00e9 aqui gratuitamente, nos \u00f4nibus vermelhinhos, e isso colabora muito. Como eu recebo apenas 1 sal\u00e1rio m\u00ednimo, a economia que farei faz toda a diferen\u00e7a na minha vida, j\u00e1 que irei gastar mensalmente somente R$ 40. Essa quantia \u00e9 simb\u00f3lica, mas garante a minha alimenta\u00e7\u00e3o, garantia que eu n\u00e3o possu\u00eda anteriormente\u201d, pontuou.<\/p>\n\n\n\n<p>A aposentada refor\u00e7ou tamb\u00e9m o papel social do restaurante, instalado em uma regi\u00e3o estrat\u00e9gica do munic\u00edpio, o que traz benef\u00edcios \u00e0 popula\u00e7\u00e3o em vulnerabilidade.<\/p>\n\n\n\n<p>\u201cTodas as pessoas em situa\u00e7\u00e3o mais vulner\u00e1vel ganham com esse espa\u00e7o, agregando mais qualidade aliment\u00edcia e de vida. Aqui, contamos com alimentos de ponta, produzidos em Maric\u00e1, tendo \u00e0 disposi\u00e7\u00e3o legumes e hortali\u00e7as em abund\u00e2ncia. Outras pessoas do meu bairro est\u00e3o vindo ao restaurante\u201d, afirmou.<\/p>\n\n\n\n<p><strong>Entrega de ab\u00f3boras e hortali\u00e7as no Restaurante Municipal<\/strong><\/p>\n\n\n\n<p>A quarta-feira (01\/09), foi marcada tamb\u00e9m pela entrega de ab\u00f3boras e hortali\u00e7as no Restaurante Municipal Mauro Alem\u00e3o, todas produzidas em \u00e1reas p\u00fablicas de Maric\u00e1.<\/p>\n\n\n\n<p>Na ocasi\u00e3o, cerca de 1 tonelada de ab\u00f3boras cultivadas na Fazenda P\u00fablica Joaqu\u00edn Pi\u00f1ero foram distribu\u00eddas \u00e0 popula\u00e7\u00e3o que aguardava para almo\u00e7ar. Al\u00e9m disso, aproximadamente 5 quilos de hortali\u00e7as (entre rabanete, alface verde e alface roxo), colhidas na Pra\u00e7a Agroecol\u00f3gica de Guaratiba, foram armazenadas no restaurante e estar\u00e3o no card\u00e1pio da pr\u00f3xima sexta-feira (03).<\/p>\n\n\n\n<p>O Restaurante Municipal Mauro Alem\u00e3o fica na Rodovia Amaral Peixoto (RJ-106), km 13, Ino\u00e3, funcionando de segunda a sexta-feira, das 7h \u00e0s 10h para o caf\u00e9 da manh\u00e3 e das 11h \u00e0s 15h para o almo\u00e7o. O espa\u00e7o permite apenas refei\u00e7\u00f5es no local, para evitar contamina\u00e7\u00f5es dos alimentos, aceitando pagamento em dinheiro ou em Mumbuca (pelo cart\u00e3o ou transfer\u00eancia pelo aplicativo e-dinheiro).<\/p>\n","protected":false},"excerpt":{"rendered":"<p>Inaugurado pela Prefeitura de Maric\u00e1 em 30\/08, o Restaurante Municipal Mauro Alem\u00e3o, em Ino\u00e3, j\u00e1 demonstra, em poucos dias de<\/p>\n","protected":false},"author":1,"featured_media":28362,"comment_status":"open","ping_status":"open","sticky":false,"template":"","format":"standard","meta":{"colormag_page_container_layout":"default_layout","colormag_page_sidebar_layout":"default_layout","footnotes":""},"categories":[18],"tags":[],"class_list":["post-28361","post","type-post","status-publish","format-standard","has-post-thumbnail","hentry","category-entretenimento"],"amp_enabled":true,"_links":{"self":[{"href":"https:\/\/maricatotal.com.br\/site\/wp-json\/wp\/v2\/posts\/28361","targetHints":{"allow":["GET"]}}],"collection":[{"href":"https:\/\/maricatotal.com.br\/site\/wp-json\/wp\/v2\/posts"}],"about":[{"href":"https:\/\/maricatotal.com.br\/site\/wp-json\/wp\/v2\/types\/post"}],"author":[{"embeddable":true,"href":"https:\/\/maricatotal.com.br\/site\/wp-json\/wp\/v2\/users\/1"}],"replies":[{"embeddable":true,"href":"https:\/\/maricatotal.com.br\/site\/wp-json\/wp\/v2\/comments?post=28361"}],"version-history":[{"count":1,"href":"https:\/\/maricatotal.com.br\/site\/wp-json\/wp\/v2\/posts\/28361\/revisions"}],"predecessor-version":[{"id":28363,"href":"https:\/\/maricatotal.com.br\/site\/wp-json\/wp\/v2\/posts\/28361\/revisions\/28363"}],"wp:featuredmedia":[{"embeddable":true,"href":"https:\/\/maricatotal.com.br\/site\/wp-json\/wp\/v2\/media\/28362"}],"wp:attachment":[{"href":"https:\/\/maricatotal.com.br\/site\/wp-json\/wp\/v2\/media?parent=28361"}],"wp:term":[{"taxonomy":"category","embeddable":true,"href":"https:\/\/maricatotal.com.br\/site\/wp-json\/wp\/v2\/categories?post=28361"},{"taxonomy":"post_tag","embeddable":true,"href":"https:\/\/maricatotal.com.br\/site\/wp-json\/wp\/v2\/tags?post=28361"}],"curies":[{"name":"wp","href":"https:\/\/api.w.org\/{rel}","templated":true}]}}