{"id":28364,"date":"2021-09-03T07:11:35","date_gmt":"2021-09-03T10:11:35","guid":{"rendered":"https:\/\/maricatotal.com.br\/site\/?p=28364"},"modified":"2021-09-03T07:11:36","modified_gmt":"2021-09-03T10:11:36","slug":"marica-pode-ter-polo-de-producao-de-alimentos-da-unirio","status":"publish","type":"post","link":"https:\/\/maricatotal.com.br\/site\/2021\/09\/03\/marica-pode-ter-polo-de-producao-de-alimentos-da-unirio\/","title":{"rendered":"Maric\u00e1 pode ter polo de produ\u00e7\u00e3o de alimentos da UNIRIO"},"content":{"rendered":"\n<p>A Prefeitura de Maric\u00e1, por meio do Instituto de Ci\u00eancia, Tecnologia e Inova\u00e7\u00e3o de Maric\u00e1 (ICTIM), recebeu nesta quinta-feira (02\/09) o vice-reitor da Universidade Federal do Estado do Rio de Janeiro (UNIRIO), Benedito Adeodato. A reuni\u00e3o, que contou com a presen\u00e7a do vice-prefeito Diego Zeidan, teve o objetivo de discutir as primeiras tratativas sobre a constru\u00e7\u00e3o de um polo de produ\u00e7\u00e3o de alimentos saud\u00e1veis.<\/p>\n\n\n\n<p>\u201c\u00c9 uma visita muito bem-vinda. Maric\u00e1 hoje, em todas as pol\u00edticas p\u00fablicas que estamos fazendo, est\u00e1 construindo uma parceria forte com a UNIRIO. Que venham muitos bons frutos para a nossa cidade e para a nossa popula\u00e7\u00e3o\u201d, afirmou o vice-prefeito Diego Zeidan.<\/p>\n\n\n\n<p>O diretor-presidente do ICTIM, Celso Pansera, destacou que a universidade \u00e9 uma parceria em potencial da Prefeitura e que pode ajudar Maric\u00e1 em diversos aspectos pela sua experi\u00eancia em estudos inovadores.<\/p>\n\n\n\n<p>\u201cA UniRio tem conhecimentos t\u00e9cnicos muito importantes para os futuros clusters de alimentos saud\u00e1veis que s\u00e3o os bioinsumos, um laborat\u00f3rio de an\u00e1lise t\u00e1til, ou seja, de sabor e de sensibilidade e outras a\u00e7\u00f5es que j\u00e1 estamos conversando\u201d, disse.<\/p>\n\n\n\n<p>Ao longo da reuni\u00e3o, o vice-reitor foi informado por Diego Zeidan sobre as pol\u00edticas p\u00fablicas implementadas no munic\u00edpio como o Renda B\u00e1sica de Cidadania (RBC), o transporte Tarifa Zero, o programa Passaporte Universit\u00e1rio e o rec\u00e9m-inaugurado no bairro de Ino\u00e3 o Restaurante Municipal Mauro Alem\u00e3o, que oferta caf\u00e9 da manh\u00e3 e almo\u00e7o a pre\u00e7o simb\u00f3lico com foco na soberania alimentar da popula\u00e7\u00e3o.<\/p>\n\n\n\n<p>\u201cFiquei muito feliz e satisfeito de ver a cidade vibrando e vendo que \u00e9 um modelo de administra\u00e7\u00e3o que \u00e9 exemplo para outra cidade\u201d, descreveu Bendito Adeodato.<\/p>\n\n\n\n<p>Tamb\u00e9m presente no encontro, o secret\u00e1rio de Cultura Sady Bianchin citou o conhecimento da universidade com rela\u00e7\u00e3o aos cursos direcionados \u00e0 linguagem art\u00edstica e cultural que podem agregar aos futuros projetos municipais no setor cultural. \u201cTemos o Caminho das Artes, que engloba a Casa Darcy Ribeiro e queremos fazer a Escola de Artes, s\u00e3o projetos estruturantes que v\u00e3o ficar como legado\u201d, afirmou.<\/p>\n","protected":false},"excerpt":{"rendered":"<p>A Prefeitura de Maric\u00e1, por meio do Instituto de Ci\u00eancia, Tecnologia e Inova\u00e7\u00e3o de Maric\u00e1 (ICTIM), recebeu nesta quinta-feira (02\/09)<\/p>\n","protected":false},"author":1,"featured_media":28365,"comment_status":"open","ping_status":"open","sticky":false,"template":"","format":"standard","meta":{"colormag_page_container_layout":"default_layout","colormag_page_sidebar_layout":"default_layout","footnotes":""},"categories":[18,17],"tags":[],"class_list":["post-28364","post","type-post","status-publish","format-standard","has-post-thumbnail","hentry","category-entretenimento","category-politica"],"amp_enabled":true,"_links":{"self":[{"href":"https:\/\/maricatotal.com.br\/site\/wp-json\/wp\/v2\/posts\/28364","targetHints":{"allow":["GET"]}}],"collection":[{"href":"https:\/\/maricatotal.com.br\/site\/wp-json\/wp\/v2\/posts"}],"about":[{"href":"https:\/\/maricatotal.com.br\/site\/wp-json\/wp\/v2\/types\/post"}],"author":[{"embeddable":true,"href":"https:\/\/maricatotal.com.br\/site\/wp-json\/wp\/v2\/users\/1"}],"replies":[{"embeddable":true,"href":"https:\/\/maricatotal.com.br\/site\/wp-json\/wp\/v2\/comments?post=28364"}],"version-history":[{"count":1,"href":"https:\/\/maricatotal.com.br\/site\/wp-json\/wp\/v2\/posts\/28364\/revisions"}],"predecessor-version":[{"id":28366,"href":"https:\/\/maricatotal.com.br\/site\/wp-json\/wp\/v2\/posts\/28364\/revisions\/28366"}],"wp:featuredmedia":[{"embeddable":true,"href":"https:\/\/maricatotal.com.br\/site\/wp-json\/wp\/v2\/media\/28365"}],"wp:attachment":[{"href":"https:\/\/maricatotal.com.br\/site\/wp-json\/wp\/v2\/media?parent=28364"}],"wp:term":[{"taxonomy":"category","embeddable":true,"href":"https:\/\/maricatotal.com.br\/site\/wp-json\/wp\/v2\/categories?post=28364"},{"taxonomy":"post_tag","embeddable":true,"href":"https:\/\/maricatotal.com.br\/site\/wp-json\/wp\/v2\/tags?post=28364"}],"curies":[{"name":"wp","href":"https:\/\/api.w.org\/{rel}","templated":true}]}}