{"id":28543,"date":"2021-09-09T19:11:04","date_gmt":"2021-09-09T22:11:04","guid":{"rendered":"https:\/\/maricatotal.com.br\/site\/?p=28543"},"modified":"2021-09-09T19:11:05","modified_gmt":"2021-09-09T22:11:05","slug":"marica-retoma-aplicacao-da-primeira-dose-exclusivamente-para-adolescentes-de-13-anos-nesta-sexta-feira","status":"publish","type":"post","link":"https:\/\/maricatotal.com.br\/site\/2021\/09\/09\/marica-retoma-aplicacao-da-primeira-dose-exclusivamente-para-adolescentes-de-13-anos-nesta-sexta-feira\/","title":{"rendered":"Maric\u00e1 retoma aplica\u00e7\u00e3o da primeira dose exclusivamente para adolescentes de 13 anos nesta sexta-feira"},"content":{"rendered":"\n<p>A Prefeitura de Maric\u00e1, por meio da Secretaria Municipal de Sa\u00fade, retoma nesta sexta-feira (10\/09) a vacina\u00e7\u00e3o com a primeira dose exclusivamente para adolescentes de 13 anos. O novo lote entregue \u00e9 de vacinas da Pfizer, \u00fanica aprovada pela Ag\u00eancia Nacional de Vigil\u00e2ncia Sanit\u00e1ria (Anvisa) para a faixa de 12 a 17 anos de idade. No entanto, a sequ\u00eancia do calend\u00e1rio depende do envio de novas doses pelo Minist\u00e9rio da Sa\u00fade.<\/p>\n\n\n\n<p>Os interessados devem procurar os polos de vacina\u00e7\u00e3o: Unidade de Sa\u00fade da Fam\u00edlia (USF) Central; USF Jardim Atl\u00e2ntico; USF Ch\u00e1caras de Ino\u00e3; USF Marinel\u00e2ndia; Unidade Volante de Vacina\u00e7\u00e3o (UVV) do Centro Administrativo de Itaipua\u00e7u e do Aeroporto de Maric\u00e1. As unidades funcionam de segunda a sexta-feira, de 9h \u00e0s 16h.<\/p>\n\n\n\n<p>Para se vacinar \u00e9 necess\u00e1rio levar um documento com foto do adolescente, comprovante de resid\u00eancia, cart\u00e3o SUS, CPF e documento de identidade do respons\u00e1vel.<\/p>\n\n\n\n<p>As gestantes, pu\u00e9rperas e lactantes podem procurar exclusivamente o Posto Central, \u00e0s 3\u00aa e 5\u00aa feiras, de 9h \u00e0s 12h.<\/p>\n\n\n\n<p>J\u00e1 a imuniza\u00e7\u00e3o com a segunda dose continua sendo aplicada normalmente em todos os polos e UVV, al\u00e9m da abertura de quatro novos polos exclusivos para segunda dose (USF Barra, USF Ino\u00e3 2, USF S\u00e3o Jos\u00e9 2 e USF Barroco), que funcionam de 9h \u00e0s 14h.<\/p>\n\n\n\n<p><strong>N\u00e3o haver\u00e1 repescagem neste s\u00e1bado (11\/09)<\/strong><\/p>\n\n\n\n<p>Devido \u00e0 quantidade insuficiente de doses enviadas pela Secretaria de Estado de Sa\u00fade, neste s\u00e1bado (11\/09) n\u00e3o haver\u00e1 repescagem de vacina\u00e7\u00e3o, como normalmente ocorre.<\/p>\n","protected":false},"excerpt":{"rendered":"<p>A Prefeitura de Maric\u00e1, por meio da Secretaria Municipal de Sa\u00fade, retoma nesta sexta-feira (10\/09) a vacina\u00e7\u00e3o com a primeira<\/p>\n","protected":false},"author":1,"featured_media":28544,"comment_status":"open","ping_status":"open","sticky":false,"template":"","format":"standard","meta":{"colormag_page_container_layout":"default_layout","colormag_page_sidebar_layout":"default_layout","footnotes":""},"categories":[17],"tags":[],"class_list":["post-28543","post","type-post","status-publish","format-standard","has-post-thumbnail","hentry","category-politica"],"amp_enabled":true,"_links":{"self":[{"href":"https:\/\/maricatotal.com.br\/site\/wp-json\/wp\/v2\/posts\/28543","targetHints":{"allow":["GET"]}}],"collection":[{"href":"https:\/\/maricatotal.com.br\/site\/wp-json\/wp\/v2\/posts"}],"about":[{"href":"https:\/\/maricatotal.com.br\/site\/wp-json\/wp\/v2\/types\/post"}],"author":[{"embeddable":true,"href":"https:\/\/maricatotal.com.br\/site\/wp-json\/wp\/v2\/users\/1"}],"replies":[{"embeddable":true,"href":"https:\/\/maricatotal.com.br\/site\/wp-json\/wp\/v2\/comments?post=28543"}],"version-history":[{"count":1,"href":"https:\/\/maricatotal.com.br\/site\/wp-json\/wp\/v2\/posts\/28543\/revisions"}],"predecessor-version":[{"id":28545,"href":"https:\/\/maricatotal.com.br\/site\/wp-json\/wp\/v2\/posts\/28543\/revisions\/28545"}],"wp:featuredmedia":[{"embeddable":true,"href":"https:\/\/maricatotal.com.br\/site\/wp-json\/wp\/v2\/media\/28544"}],"wp:attachment":[{"href":"https:\/\/maricatotal.com.br\/site\/wp-json\/wp\/v2\/media?parent=28543"}],"wp:term":[{"taxonomy":"category","embeddable":true,"href":"https:\/\/maricatotal.com.br\/site\/wp-json\/wp\/v2\/categories?post=28543"},{"taxonomy":"post_tag","embeddable":true,"href":"https:\/\/maricatotal.com.br\/site\/wp-json\/wp\/v2\/tags?post=28543"}],"curies":[{"name":"wp","href":"https:\/\/api.w.org\/{rel}","templated":true}]}}