{"id":28590,"date":"2021-09-11T06:42:58","date_gmt":"2021-09-11T09:42:58","guid":{"rendered":"https:\/\/maricatotal.com.br\/site\/?p=28590"},"modified":"2021-09-11T06:42:59","modified_gmt":"2021-09-11T09:42:59","slug":"farmacias-passam-a-funcionar-24-horas-em-marica","status":"publish","type":"post","link":"https:\/\/maricatotal.com.br\/site\/2021\/09\/11\/farmacias-passam-a-funcionar-24-horas-em-marica\/","title":{"rendered":"Farm\u00e1cias passam a funcionar 24 horas em Maric\u00e1"},"content":{"rendered":"\n<p>A Prefeitura de Maric\u00e1, por meio da Secretaria de Defesa do Consumidor, determinou a abertura em per\u00edodo integral (24 horas) das farm\u00e1cias. Os moradores do Centro e de Itaipua\u00e7u j\u00e1 contam com o servi\u00e7o.<\/p>\n\n\n\n<p>A resolu\u00e7\u00e3o segue a Lei Federal de n\u00famero 5.991\/1973, que em seu artigo 56 obriga o funcionamento de farm\u00e1cias e drogarias em sistema de plant\u00e3o, com atendimento ininterrupto \u00e0 popula\u00e7\u00e3o.<\/p>\n\n\n\n<p>A Drogaria Raia (Rua Ribeiro de Almeida, 124, Centro) e a Drogarias Carvalho (Rua Van Lerbergue, 562, Loja 02, esquina com a Rua Professor Cardoso de Menezes, em Itaipua\u00e7u) j\u00e1 est\u00e3o funcionando no per\u00edodo de 24 horas em todos os dias da semana. Os estabelecimentos Ocean Farma (Avenida Vit\u00f3ria R\u00e9gia, 2, Barroco, Itaipua\u00e7u) e Maricaense (Rodovia Ernani do Amaral Peixoto, km 16,5, Ino\u00e3) solicitaram o prazo para adapta\u00e7\u00e3o (estrutural e de pessoal) de 30 a 45 dias para que estejam em pleno funcionamento.<\/p>\n\n\n\n<p><strong>Servi\u00e7o de car\u00e1ter essencial<\/strong><\/p>\n\n\n\n<p>Outras unidades do munic\u00edpio tamb\u00e9m ser\u00e3o procuradas pela Secretaria de Defesa do Consumidor para se adequar \u00e0 nova determina\u00e7\u00e3o.<\/p>\n\n\n\n<p>\u201cO servi\u00e7o destes estabelecimentos \u00e9 de natureza essencial e de suma import\u00e2ncia \u00e0 nossa popula\u00e7\u00e3o, principalmente nesses tempos dif\u00edceis de pandemia que enfrentamos\u201d, disse o secret\u00e1rio Felipe Paiva.<\/p>\n\n\n\n<p>A delibera\u00e7\u00e3o tamb\u00e9m segue a Lei Municipal de n\u00famero 2.486\/2013, que disp\u00f5e em seu segundo artigo: \u201cFica determinado ao Sindicato ou Associa\u00e7\u00e3o da categoria profissional de farm\u00e1cias e drogarias a organizar a escala de rod\u00edzio, com sorteio ou acordo dos plant\u00f5es 24 horas\u201d. Ainda de acordo com o texto legal, os estabelecimentos dever\u00e3o observar a altern\u00e2ncia de funcionamento para o per\u00edodo de 20h do dia \u00e0s 8h do dia subsequente, bem como para fins de semana e dias de feriado.<\/p>\n\n\n\n<p><strong>Popula\u00e7\u00e3o aprova medida<\/strong><\/p>\n\n\n\n<p>\u201cEu acho importante porque d\u00e1 mais seguran\u00e7a para o dia a dia, vai que a gente sai do hospital e precisa de um medicamento e n\u00e3o tem onde comprar, n\u00e9? Por isso eu assino embaixo\u201d, comentou a moradora do bairro Zacarias, Joelma Gomes, de 47 anos.<\/p>\n\n\n\n<p>A estudante D\u00e9bora Moura, de 26 anos, moradora do Centro, j\u00e1 passou pela situa\u00e7\u00e3o de n\u00e3o ter onde comprar rem\u00e9dio e agora fica mais aliviada com a medida. \u201c\u00c0s vezes a gente passa mal de noite, sente dor, uma c\u00f3lica forte, e n\u00e3o tem onde comprar medicamento, agora com as farm\u00e1cias direto eu sei que posso ter rem\u00e9dios sempre\u201d, disse.<\/p>\n","protected":false},"excerpt":{"rendered":"<p>A Prefeitura de Maric\u00e1, por meio da Secretaria de Defesa do Consumidor, determinou a abertura em per\u00edodo integral (24 horas)<\/p>\n","protected":false},"author":1,"featured_media":28591,"comment_status":"open","ping_status":"open","sticky":false,"template":"","format":"standard","meta":{"colormag_page_container_layout":"default_layout","colormag_page_sidebar_layout":"default_layout","footnotes":""},"categories":[18,17],"tags":[],"class_list":["post-28590","post","type-post","status-publish","format-standard","has-post-thumbnail","hentry","category-entretenimento","category-politica"],"amp_enabled":true,"_links":{"self":[{"href":"https:\/\/maricatotal.com.br\/site\/wp-json\/wp\/v2\/posts\/28590","targetHints":{"allow":["GET"]}}],"collection":[{"href":"https:\/\/maricatotal.com.br\/site\/wp-json\/wp\/v2\/posts"}],"about":[{"href":"https:\/\/maricatotal.com.br\/site\/wp-json\/wp\/v2\/types\/post"}],"author":[{"embeddable":true,"href":"https:\/\/maricatotal.com.br\/site\/wp-json\/wp\/v2\/users\/1"}],"replies":[{"embeddable":true,"href":"https:\/\/maricatotal.com.br\/site\/wp-json\/wp\/v2\/comments?post=28590"}],"version-history":[{"count":1,"href":"https:\/\/maricatotal.com.br\/site\/wp-json\/wp\/v2\/posts\/28590\/revisions"}],"predecessor-version":[{"id":28592,"href":"https:\/\/maricatotal.com.br\/site\/wp-json\/wp\/v2\/posts\/28590\/revisions\/28592"}],"wp:featuredmedia":[{"embeddable":true,"href":"https:\/\/maricatotal.com.br\/site\/wp-json\/wp\/v2\/media\/28591"}],"wp:attachment":[{"href":"https:\/\/maricatotal.com.br\/site\/wp-json\/wp\/v2\/media?parent=28590"}],"wp:term":[{"taxonomy":"category","embeddable":true,"href":"https:\/\/maricatotal.com.br\/site\/wp-json\/wp\/v2\/categories?post=28590"},{"taxonomy":"post_tag","embeddable":true,"href":"https:\/\/maricatotal.com.br\/site\/wp-json\/wp\/v2\/tags?post=28590"}],"curies":[{"name":"wp","href":"https:\/\/api.w.org\/{rel}","templated":true}]}}