{"id":28635,"date":"2021-09-13T17:43:05","date_gmt":"2021-09-13T20:43:05","guid":{"rendered":"https:\/\/maricatotal.com.br\/site\/?p=28635"},"modified":"2021-09-13T17:43:07","modified_gmt":"2021-09-13T20:43:07","slug":"homem-fica-gravemente-ferido-em-acidente-entre-duas-motos-no-condado-em-marica","status":"publish","type":"post","link":"https:\/\/maricatotal.com.br\/site\/2021\/09\/13\/homem-fica-gravemente-ferido-em-acidente-entre-duas-motos-no-condado-em-marica\/","title":{"rendered":"Homem fica gravemente ferido em acidente entre duas motos no Condado, em Maric\u00e1"},"content":{"rendered":"\n<p>Um homem ficou gravemente ferido ap\u00f3s um acidente entre duas motos, na Estrada do Condado, em Maric\u00e1, na tarde desta segunda-feira (13).<\/p>\n\n\n\n<p>Segundo informa\u00e7\u00f5es, os dois motociclistas colidiram de frente. Com o impacto da batida, um dos homens sofreu diversos ferimentos pelo corpo e o outro condutor fugiu do local.<\/p>\n\n\n\n<p>Bombeiros do Destacamento de Maric\u00e1 foram acionados para o local e prestaram os primeiros socorros para o homem, identificado com F\u00e1bio J\u00fanior. A v\u00edtima foi encaminhada para o Hospital Municipal Conde Modesto Leal, no Centro.<\/p>\n\n\n\n<p>O tr\u00e2nsito na estrada ficou lento devido ao socorro m\u00e9dico.&nbsp;<\/p>\n","protected":false},"excerpt":{"rendered":"<p>Um homem ficou gravemente ferido ap\u00f3s um acidente entre duas motos, na Estrada do Condado, em Maric\u00e1, na tarde desta<\/p>\n","protected":false},"author":1,"featured_media":28636,"comment_status":"open","ping_status":"open","sticky":false,"template":"","format":"standard","meta":{"colormag_page_container_layout":"default_layout","colormag_page_sidebar_layout":"default_layout","footnotes":""},"categories":[1],"tags":[],"class_list":["post-28635","post","type-post","status-publish","format-standard","has-post-thumbnail","hentry","category-noticias"],"amp_enabled":true,"_links":{"self":[{"href":"https:\/\/maricatotal.com.br\/site\/wp-json\/wp\/v2\/posts\/28635","targetHints":{"allow":["GET"]}}],"collection":[{"href":"https:\/\/maricatotal.com.br\/site\/wp-json\/wp\/v2\/posts"}],"about":[{"href":"https:\/\/maricatotal.com.br\/site\/wp-json\/wp\/v2\/types\/post"}],"author":[{"embeddable":true,"href":"https:\/\/maricatotal.com.br\/site\/wp-json\/wp\/v2\/users\/1"}],"replies":[{"embeddable":true,"href":"https:\/\/maricatotal.com.br\/site\/wp-json\/wp\/v2\/comments?post=28635"}],"version-history":[{"count":1,"href":"https:\/\/maricatotal.com.br\/site\/wp-json\/wp\/v2\/posts\/28635\/revisions"}],"predecessor-version":[{"id":28637,"href":"https:\/\/maricatotal.com.br\/site\/wp-json\/wp\/v2\/posts\/28635\/revisions\/28637"}],"wp:featuredmedia":[{"embeddable":true,"href":"https:\/\/maricatotal.com.br\/site\/wp-json\/wp\/v2\/media\/28636"}],"wp:attachment":[{"href":"https:\/\/maricatotal.com.br\/site\/wp-json\/wp\/v2\/media?parent=28635"}],"wp:term":[{"taxonomy":"category","embeddable":true,"href":"https:\/\/maricatotal.com.br\/site\/wp-json\/wp\/v2\/categories?post=28635"},{"taxonomy":"post_tag","embeddable":true,"href":"https:\/\/maricatotal.com.br\/site\/wp-json\/wp\/v2\/tags?post=28635"}],"curies":[{"name":"wp","href":"https:\/\/api.w.org\/{rel}","templated":true}]}}