{"id":28700,"date":"2021-09-15T08:06:00","date_gmt":"2021-09-15T11:06:00","guid":{"rendered":"https:\/\/maricatotal.com.br\/site\/?p=28700"},"modified":"2021-09-15T08:06:02","modified_gmt":"2021-09-15T11:06:02","slug":"mulher-tem-bicicleta-furtada-a-luz-do-dia-no-centro-de-marica","status":"publish","type":"post","link":"https:\/\/maricatotal.com.br\/site\/2021\/09\/15\/mulher-tem-bicicleta-furtada-a-luz-do-dia-no-centro-de-marica\/","title":{"rendered":"Mulher tem bicicleta furtada a luz do dia no Centro de Maric\u00e1"},"content":{"rendered":"\n<p>Uma mulher teve a bicicleta furtada na Pra\u00e7a Conselheiro Macedo Soares, no Centro de Maric\u00e1, nesta ter\u00e7a-feira (14).<\/p>\n\n\n\n<p>A jovem estacionou a bicicleta e prendeu com um cadeado em frente \u00e0 loja 1000 Op\u00e7\u00f5es como faz diariamente.<\/p>\n\n\n\n<p>Quando voltou para buscar a bicicleta, a mulher n\u00e3o encontrou mais.&nbsp;<\/p>\n\n\n\n<p>O crime aconteceu a luz do dia em uma das pra\u00e7as mais movimentadas da cidade.<\/p>\n","protected":false},"excerpt":{"rendered":"<p>Uma mulher teve a bicicleta furtada na Pra\u00e7a Conselheiro Macedo Soares, no Centro de Maric\u00e1, nesta ter\u00e7a-feira (14). A jovem<\/p>\n","protected":false},"author":1,"featured_media":28702,"comment_status":"open","ping_status":"open","sticky":false,"template":"","format":"standard","meta":{"colormag_page_container_layout":"default_layout","colormag_page_sidebar_layout":"default_layout","footnotes":""},"categories":[1],"tags":[],"class_list":["post-28700","post","type-post","status-publish","format-standard","has-post-thumbnail","hentry","category-noticias"],"amp_enabled":true,"_links":{"self":[{"href":"https:\/\/maricatotal.com.br\/site\/wp-json\/wp\/v2\/posts\/28700","targetHints":{"allow":["GET"]}}],"collection":[{"href":"https:\/\/maricatotal.com.br\/site\/wp-json\/wp\/v2\/posts"}],"about":[{"href":"https:\/\/maricatotal.com.br\/site\/wp-json\/wp\/v2\/types\/post"}],"author":[{"embeddable":true,"href":"https:\/\/maricatotal.com.br\/site\/wp-json\/wp\/v2\/users\/1"}],"replies":[{"embeddable":true,"href":"https:\/\/maricatotal.com.br\/site\/wp-json\/wp\/v2\/comments?post=28700"}],"version-history":[{"count":1,"href":"https:\/\/maricatotal.com.br\/site\/wp-json\/wp\/v2\/posts\/28700\/revisions"}],"predecessor-version":[{"id":28703,"href":"https:\/\/maricatotal.com.br\/site\/wp-json\/wp\/v2\/posts\/28700\/revisions\/28703"}],"wp:featuredmedia":[{"embeddable":true,"href":"https:\/\/maricatotal.com.br\/site\/wp-json\/wp\/v2\/media\/28702"}],"wp:attachment":[{"href":"https:\/\/maricatotal.com.br\/site\/wp-json\/wp\/v2\/media?parent=28700"}],"wp:term":[{"taxonomy":"category","embeddable":true,"href":"https:\/\/maricatotal.com.br\/site\/wp-json\/wp\/v2\/categories?post=28700"},{"taxonomy":"post_tag","embeddable":true,"href":"https:\/\/maricatotal.com.br\/site\/wp-json\/wp\/v2\/tags?post=28700"}],"curies":[{"name":"wp","href":"https:\/\/api.w.org\/{rel}","templated":true}]}}