{"id":28704,"date":"2021-09-15T09:00:36","date_gmt":"2021-09-15T12:00:36","guid":{"rendered":"https:\/\/maricatotal.com.br\/site\/?p=28704"},"modified":"2021-09-15T09:00:38","modified_gmt":"2021-09-15T12:00:38","slug":"marica-merendeiras-fazem-protesto-contra-pagamentos-atrasados-de-salarios","status":"publish","type":"post","link":"https:\/\/maricatotal.com.br\/site\/2021\/09\/15\/marica-merendeiras-fazem-protesto-contra-pagamentos-atrasados-de-salarios\/","title":{"rendered":"Maric\u00e1: Merendeiras fazem protesto contra pagamentos atrasados de sal\u00e1rios"},"content":{"rendered":"\n<p>As merendeiras da Rede Municipal de ensino de Maric\u00e1 est\u00e3o realizando um protesto na Pra\u00e7a Orlando de Barros Pimentel, no Centro de Maric\u00e1, na manh\u00e3 desta quarta-feira (15).<\/p>\n\n\n\n<p>A a\u00e7\u00e3o acontece devido \u00e0 sal\u00e1rios, f\u00e9rias, vale alimenta\u00e7\u00e3o e passagens atrasadas, se tornando um grande um pesadelo para as trabalhadoras.&nbsp;<\/p>\n\n\n\n<p>A firma que se chamava SS Administra\u00e7\u00e3o &amp; Servi\u00e7os mudou de nome para Solar Servi\u00e7os e Administra\u00e7\u00e3o de M\u00e3o de Obra Eireli sem prestar nenhum esclarecimento para as funcion\u00e1rias.<\/p>\n\n\n\n<p>A empresa vem sendo questionada desde outubro de 2020 pelo descumprimento dos direitos trabalhistas exigidos por lei.&nbsp;<\/p>\n\n\n\n<p>Mesmo com as escolas fechadas devido a&nbsp;&nbsp;pandemia da Covid-19, as merendeiras continuaram trabalhando diariamente fazendo comida.&nbsp;<\/p>\n\n\n\n<p>Com a volta das aulas e v\u00e1rios funcion\u00e1rios escolares testando positivo para o novo coronav\u00edrus, o medo de contrair a doen\u00e7a se tornou grande.<\/p>\n\n\n\n<p>O protesto seguir\u00e1 at\u00e9 a Prefeitura de Maric\u00e1, onde as merendeiras exigem uma explica\u00e7\u00e3o do prefeito Fabiano Horta (PT).<\/p>\n","protected":false},"excerpt":{"rendered":"<p>As merendeiras da Rede Municipal de ensino de Maric\u00e1 est\u00e3o realizando um protesto na Pra\u00e7a Orlando de Barros Pimentel, no<\/p>\n","protected":false},"author":1,"featured_media":28705,"comment_status":"open","ping_status":"open","sticky":false,"template":"","format":"standard","meta":{"colormag_page_container_layout":"default_layout","colormag_page_sidebar_layout":"default_layout","footnotes":""},"categories":[14,17],"tags":[],"class_list":["post-28704","post","type-post","status-publish","format-standard","has-post-thumbnail","hentry","category-bairros","category-politica"],"amp_enabled":true,"_links":{"self":[{"href":"https:\/\/maricatotal.com.br\/site\/wp-json\/wp\/v2\/posts\/28704","targetHints":{"allow":["GET"]}}],"collection":[{"href":"https:\/\/maricatotal.com.br\/site\/wp-json\/wp\/v2\/posts"}],"about":[{"href":"https:\/\/maricatotal.com.br\/site\/wp-json\/wp\/v2\/types\/post"}],"author":[{"embeddable":true,"href":"https:\/\/maricatotal.com.br\/site\/wp-json\/wp\/v2\/users\/1"}],"replies":[{"embeddable":true,"href":"https:\/\/maricatotal.com.br\/site\/wp-json\/wp\/v2\/comments?post=28704"}],"version-history":[{"count":1,"href":"https:\/\/maricatotal.com.br\/site\/wp-json\/wp\/v2\/posts\/28704\/revisions"}],"predecessor-version":[{"id":28706,"href":"https:\/\/maricatotal.com.br\/site\/wp-json\/wp\/v2\/posts\/28704\/revisions\/28706"}],"wp:featuredmedia":[{"embeddable":true,"href":"https:\/\/maricatotal.com.br\/site\/wp-json\/wp\/v2\/media\/28705"}],"wp:attachment":[{"href":"https:\/\/maricatotal.com.br\/site\/wp-json\/wp\/v2\/media?parent=28704"}],"wp:term":[{"taxonomy":"category","embeddable":true,"href":"https:\/\/maricatotal.com.br\/site\/wp-json\/wp\/v2\/categories?post=28704"},{"taxonomy":"post_tag","embeddable":true,"href":"https:\/\/maricatotal.com.br\/site\/wp-json\/wp\/v2\/tags?post=28704"}],"curies":[{"name":"wp","href":"https:\/\/api.w.org\/{rel}","templated":true}]}}