{"id":2875,"date":"2019-08-13T10:40:02","date_gmt":"2019-08-13T13:40:02","guid":{"rendered":"http:\/\/maricatotal.com.br\/site\/?p=2875"},"modified":"2019-08-13T10:45:34","modified_gmt":"2019-08-13T13:45:34","slug":"mumbuca-futuro-poupanca-para-estudantes-da-rede-municipal","status":"publish","type":"post","link":"https:\/\/maricatotal.com.br\/site\/2019\/08\/13\/mumbuca-futuro-poupanca-para-estudantes-da-rede-municipal\/","title":{"rendered":"MUMBUCA FUTURO: POUPAN\u00c7A PARA ESTUDANTES DA REDE MUNICIPAL"},"content":{"rendered":"<p><img loading=\"lazy\" decoding=\"async\" src=\"http:\/\/maricatotal.com.br\/site\/wp-content\/uploads\/2019\/08\/img_3122.jpg\" class=\"size-full wp-image-2874\" width=\"1198\" height=\"800\" srcset=\"https:\/\/maricatotal.com.br\/site\/wp-content\/uploads\/2019\/08\/img_3122.jpg 1198w, https:\/\/maricatotal.com.br\/site\/wp-content\/uploads\/2019\/08\/img_3122-300x200.jpg 300w, https:\/\/maricatotal.com.br\/site\/wp-content\/uploads\/2019\/08\/img_3122-768x513.jpg 768w, https:\/\/maricatotal.com.br\/site\/wp-content\/uploads\/2019\/08\/img_3122-1024x684.jpg 1024w\" sizes=\"auto, (max-width: 1198px) 100vw, 1198px\" \/><\/p>\n<p style=\"box-sizing: border-box; font-family: Verdana, Geneva, sans-serif; font-size: 15px; line-height: 26px; margin-top: 0px; margin-bottom: 26px; word-wrap: break-word; caret-color: rgb(34, 34, 34); color: rgb(34, 34, 34); font-style: normal; font-variant-caps: normal; font-weight: normal; letter-spacing: normal; orphans: auto; text-align: start; text-indent: 0px; text-transform: none; white-space: normal; widows: auto; word-spacing: 0px; -webkit-tap-highlight-color: rgba(26, 26, 26, 0.301961); -webkit-text-size-adjust: 100%; -webkit-text-stroke-width: 0px; text-decoration: none\">Os estudantes de Maric\u00e1 ganharam um importante incentivo para o futuro. A prefeitura, atrav\u00e9s das secretarias de Economia Solid\u00e1ria e Educa\u00e7\u00e3o, lan\u00e7ou, no \u00faltimo s\u00e1bado (10\/08), no Centro Educacional Municipal Joana Benedicta Rangel (Centro), o programa Mumbuca Futuro que prev\u00ea o benef\u00edcio de 50 Mumbucas por m\u00eas (equivalente a R$ 50), condicionado a 75% de frequ\u00eancia nas aulas do programa e nas aulas regulares. Al\u00e9m de um dep\u00f3sito de R$ 1.200 a cada ano cursado no ensino fundamental e m\u00e9dio que \u00e9 condicionado \u00e0 aprova\u00e7\u00e3o escolar. Alunos do 9\u00ba ano da rede municipal de ensino participaram da cerim\u00f4nia.<\/p>\n<p style=\"box-sizing: border-box; font-family: Verdana, Geneva, sans-serif; font-size: 15px; line-height: 26px; margin-top: 0px; margin-bottom: 26px; word-wrap: break-word; caret-color: rgb(34, 34, 34); color: rgb(34, 34, 34); font-style: normal; font-variant-caps: normal; font-weight: normal; letter-spacing: normal; orphans: auto; text-align: start; text-indent: 0px; text-transform: none; white-space: normal; widows: auto; word-spacing: 0px; -webkit-tap-highlight-color: rgba(26, 26, 26, 0.301961); -webkit-text-size-adjust: 100%; -webkit-text-stroke-width: 0px; text-decoration: none\">Segundo o prefeito Fabiano Horta, o programa \u00e9 fundamental para a cidade, pois constr\u00f3i valores, liberta\u00e7\u00e3o e autonomia dos jovens.<\/p>\n<p style=\"box-sizing: border-box; font-family: Verdana, Geneva, sans-serif; font-size: 15px; line-height: 26px; margin-top: 0px; margin-bottom: 26px; word-wrap: break-word; caret-color: rgb(34, 34, 34); color: rgb(34, 34, 34); font-style: normal; font-variant-caps: normal; font-weight: normal; letter-spacing: normal; orphans: auto; text-align: start; text-indent: 0px; text-transform: none; white-space: normal; widows: auto; word-spacing: 0px; -webkit-tap-highlight-color: rgba(26, 26, 26, 0.301961); -webkit-text-size-adjust: 100%; -webkit-text-stroke-width: 0px; text-decoration: none\">\u201cEste programa n\u00e3o existe para reproduzir estat\u00edsticas e ser objeto de exposi\u00e7\u00e3o, ele existe porque entendemos que ele \u00e9 transformador. Quando lan\u00e7amos o Mumbuca Futuro, o que queremos \u00e9 semear a ideia da garantia dos direitos. O Mumbuca Futuro \u00e9 para redistribuir renda, \u00e9 para dizer ao estudante de Maric\u00e1 que a poupan\u00e7a que ele vai ter aqui \u00e9 para o futuro dele e para o futuro da cidade da qual faz parte\u201d, ressaltou o prefeito.<\/p>\n<p style=\"box-sizing: border-box; font-family: Verdana, Geneva, sans-serif; font-size: 15px; line-height: 26px; margin-top: 0px; margin-bottom: 26px; word-wrap: break-word; caret-color: rgb(34, 34, 34); color: rgb(34, 34, 34); font-style: normal; font-variant-caps: normal; font-weight: normal; letter-spacing: normal; orphans: auto; text-align: start; text-indent: 0px; text-transform: none; white-space: normal; widows: auto; word-spacing: 0px; -webkit-tap-highlight-color: rgba(26, 26, 26, 0.301961); -webkit-text-size-adjust: 100%; -webkit-text-stroke-width: 0px; text-decoration: none\">De acordo com o secret\u00e1rio de Economia Solid\u00e1ria, Diego Zeidan, o Mumbuca Futuro ajudar\u00e1 no incentivo ao estudo e a frequ\u00eancia escolar.<\/p>\n<p style=\"box-sizing: border-box; font-family: Verdana, Geneva, sans-serif; font-size: 15px; line-height: 26px; margin-top: 0px; margin-bottom: 26px; word-wrap: break-word; caret-color: rgb(34, 34, 34); color: rgb(34, 34, 34); font-style: normal; font-variant-caps: normal; font-weight: normal; letter-spacing: normal; orphans: auto; text-align: start; text-indent: 0px; text-transform: none; white-space: normal; widows: auto; word-spacing: 0px; -webkit-tap-highlight-color: rgba(26, 26, 26, 0.301961); -webkit-text-size-adjust: 100%; -webkit-text-stroke-width: 0px; text-decoration: none\">\u201cO programa vai pagar 50 Mumbucas para os alunos da rede municipal, sendo neste ano aplicado ao 9\u00b0 ano do ensino fundamental. O recebimento do benef\u00edcio est\u00e1 ligado \u00e0 presen\u00e7a escolar, o que \u00e9 uma forma de evitar a evas\u00e3o. Junto com isto, eles tamb\u00e9m v\u00e3o ter aulas de economia solid\u00e1ria e consumo consciente, al\u00e9m de receber uma bolsa de R$ 1.200 por ano. Este valor estar\u00e1 ligado \u00e0 aprova\u00e7\u00e3o escolar, o que tamb\u00e9m \u00e9 um incentivo ao estudo\u201d, destacou Diego.<\/p>\n<p style=\"box-sizing: border-box; font-family: Verdana, Geneva, sans-serif; font-size: 15px; line-height: 26px; margin-top: 0px; margin-bottom: 26px; word-wrap: break-word; caret-color: rgb(34, 34, 34); color: rgb(34, 34, 34); font-style: normal; font-variant-caps: normal; font-weight: normal; letter-spacing: normal; orphans: auto; text-align: start; text-indent: 0px; text-transform: none; white-space: normal; widows: auto; word-spacing: 0px; -webkit-tap-highlight-color: rgba(26, 26, 26, 0.301961); -webkit-text-size-adjust: 100%; -webkit-text-stroke-width: 0px; text-decoration: none\">Aluna da E.M. Lucio Thome Guerra Feteira (Cordeirinho), Alannys Neves (15 anos) falou sobre a import\u00e2ncia do programa. \u201cFiz o meu cadastro hoje, e acho que ele vai trazer melhorias para todo mundo. Tem gente com muita dificuldade financeira, esse dinheiro vai ajudar bastante com nossos materiais\u201d, disse.<\/p>\n<p style=\"box-sizing: border-box; font-family: Verdana, Geneva, sans-serif; font-size: 15px; line-height: 26px; margin-top: 0px; margin-bottom: 26px; word-wrap: break-word; caret-color: rgb(34, 34, 34); color: rgb(34, 34, 34); font-style: normal; font-variant-caps: normal; font-weight: normal; letter-spacing: normal; orphans: auto; text-align: start; text-indent: 0px; text-transform: none; white-space: normal; widows: auto; word-spacing: 0px; -webkit-tap-highlight-color: rgba(26, 26, 26, 0.301961); -webkit-text-size-adjust: 100%; -webkit-text-stroke-width: 0px; text-decoration: none\">Para a secret\u00e1ria de Educa\u00e7\u00e3o, Adriana Luiza da Costa, este \u00e9 um projeto de inclus\u00e3o social que vai al\u00e9m da quest\u00e3o financeira.<\/p>\n<p style=\"box-sizing: border-box; font-family: Verdana, Geneva, sans-serif; font-size: 15px; line-height: 26px; margin-top: 0px; margin-bottom: 26px; word-wrap: break-word; caret-color: rgb(34, 34, 34); color: rgb(34, 34, 34); font-style: normal; font-variant-caps: normal; font-weight: normal; letter-spacing: normal; orphans: auto; text-align: start; text-indent: 0px; text-transform: none; white-space: normal; widows: auto; word-spacing: 0px; -webkit-tap-highlight-color: rgba(26, 26, 26, 0.301961); -webkit-text-size-adjust: 100%; -webkit-text-stroke-width: 0px; text-decoration: none\">\u201cAtrav\u00e9s do Mumbuca Futuro vamos dar a oportunidade para estes jovens come\u00e7arem a pensar, desde cedo, no que querem para suas vidas. Esta \u00e9 a educa\u00e7\u00e3o libertadora, n\u00e3o s\u00f3 no sentido educacional, mas tamb\u00e9m no sentido de pensar no trabalho. Com este recurso eles poder\u00e3o pensar em formar empresas, cooperativas e produzirem os seus trabalhos. Educar \u00e9 isto, sonhar junto, realizar sonhos e dar asas para que eles possam voar\u201d, disse a secret\u00e1ria.<\/p>\n<p style=\"box-sizing: border-box; font-family: Verdana, Geneva, sans-serif; font-size: 15px; line-height: 26px; margin-top: 0px; margin-bottom: 26px; word-wrap: break-word; caret-color: rgb(34, 34, 34); color: rgb(34, 34, 34); font-style: normal; font-variant-caps: normal; font-weight: normal; letter-spacing: normal; orphans: auto; text-align: start; text-indent: 0px; text-transform: none; white-space: normal; widows: auto; word-spacing: 0px; -webkit-tap-highlight-color: rgba(26, 26, 26, 0.301961); -webkit-text-size-adjust: 100%; -webkit-text-stroke-width: 0px; text-decoration: none\">M\u00e3e do aluno Ranielli, T\u00e2nia Bastos (53 anos), apoiou a iniciativa. \u201cFiquei sabendo atrav\u00e9s da internet, e achei bastante interessante. Depois disso fiquei em cima dele, apoiando que ele fizesse este cadastro, porque acho um iniciativa bem legal\u201d, contou T\u00e2nia.<\/p>\n<p style=\"box-sizing: border-box; font-family: Verdana, Geneva, sans-serif; font-size: 15px; line-height: 26px; margin-top: 0px; margin-bottom: 26px; word-wrap: break-word; caret-color: rgb(34, 34, 34); color: rgb(34, 34, 34); font-style: normal; font-variant-caps: normal; font-weight: normal; letter-spacing: normal; orphans: auto; text-align: start; text-indent: 0px; text-transform: none; white-space: normal; widows: auto; word-spacing: 0px; -webkit-tap-highlight-color: rgba(26, 26, 26, 0.301961); -webkit-text-size-adjust: 100%; -webkit-text-stroke-width: 0px; text-decoration: none\">Quem ainda n\u00e3o se inscreveu, tem at\u00e9 o dia 20\/08 para se cadastrar no programa, na sede da Secretaria de Economia Solid\u00e1ria (Rua Abreu Rangel n\u00ba 138 \u2013 Centro \u2013 em frente \u00e0 Escola Estadual Elisi\u00e1rio Matta), das 9h \u00e0s 16h. Lembrando que este ano ser\u00e3o atendidas apenas as turmas do 9\u00ba ano regular da rede municipal de ensino. Para o pr\u00f3ximo ano, o programa ser\u00e1 estendido para beneficiar alunos a partir do 6\u00ba ano.<\/p>\n","protected":false},"excerpt":{"rendered":"<p>Os estudantes de Maric\u00e1 ganharam um importante incentivo para o futuro. A prefeitura, atrav\u00e9s das secretarias de Economia Solid\u00e1ria e<\/p>\n","protected":false},"author":1,"featured_media":0,"comment_status":"open","ping_status":"open","sticky":false,"template":"","format":"standard","meta":{"colormag_page_container_layout":"default_layout","colormag_page_sidebar_layout":"default_layout","footnotes":""},"categories":[18],"tags":[],"class_list":["post-2875","post","type-post","status-publish","format-standard","hentry","category-entretenimento"],"amp_enabled":true,"_links":{"self":[{"href":"https:\/\/maricatotal.com.br\/site\/wp-json\/wp\/v2\/posts\/2875","targetHints":{"allow":["GET"]}}],"collection":[{"href":"https:\/\/maricatotal.com.br\/site\/wp-json\/wp\/v2\/posts"}],"about":[{"href":"https:\/\/maricatotal.com.br\/site\/wp-json\/wp\/v2\/types\/post"}],"author":[{"embeddable":true,"href":"https:\/\/maricatotal.com.br\/site\/wp-json\/wp\/v2\/users\/1"}],"replies":[{"embeddable":true,"href":"https:\/\/maricatotal.com.br\/site\/wp-json\/wp\/v2\/comments?post=2875"}],"version-history":[{"count":0,"href":"https:\/\/maricatotal.com.br\/site\/wp-json\/wp\/v2\/posts\/2875\/revisions"}],"wp:attachment":[{"href":"https:\/\/maricatotal.com.br\/site\/wp-json\/wp\/v2\/media?parent=2875"}],"wp:term":[{"taxonomy":"category","embeddable":true,"href":"https:\/\/maricatotal.com.br\/site\/wp-json\/wp\/v2\/categories?post=2875"},{"taxonomy":"post_tag","embeddable":true,"href":"https:\/\/maricatotal.com.br\/site\/wp-json\/wp\/v2\/tags?post=2875"}],"curies":[{"name":"wp","href":"https:\/\/api.w.org\/{rel}","templated":true}]}}