{"id":2885,"date":"2019-08-13T12:03:48","date_gmt":"2019-08-13T15:03:48","guid":{"rendered":"https:\/\/maricatotal.com.br\/site\/?p=2885"},"modified":"2019-08-13T12:46:21","modified_gmt":"2019-08-13T15:46:21","slug":"jovem-preso-por-trafico-de-drogas-2","status":"publish","type":"post","link":"https:\/\/maricatotal.com.br\/site\/2019\/08\/13\/jovem-preso-por-trafico-de-drogas-2\/","title":{"rendered":"Jovem preso por tr\u00e1fico de Drogas"},"content":{"rendered":"\n<p>Na manh\u00e3 desta Ter\u00e7a-Feira(13\/08), um jovem foi preso por Policiais da 82DP. <\/p>\n\n\n\n<figure class=\"wp-block-image\"><img loading=\"lazy\" decoding=\"async\" width=\"3000\" height=\"1460\" src=\"https:\/\/maricatotal.com.br\/site\/wp-content\/uploads\/2019\/08\/20190813_12425666828031849011897.jpg\" alt=\"\" class=\"wp-image-2890\" srcset=\"https:\/\/maricatotal.com.br\/site\/wp-content\/uploads\/2019\/08\/20190813_12425666828031849011897.jpg 3000w, https:\/\/maricatotal.com.br\/site\/wp-content\/uploads\/2019\/08\/20190813_12425666828031849011897-300x146.jpg 300w, https:\/\/maricatotal.com.br\/site\/wp-content\/uploads\/2019\/08\/20190813_12425666828031849011897-768x374.jpg 768w, https:\/\/maricatotal.com.br\/site\/wp-content\/uploads\/2019\/08\/20190813_12425666828031849011897-1024x498.jpg 1024w\" sizes=\"auto, (max-width: 3000px) 100vw, 3000px\" \/><\/figure>\n\n\n\n<p>Segundo informa\u00e7\u00f5es, \u00cdcaro Ribeiro Sobral (20 anos) j\u00e1 possui passagens pela pol\u00edcia e \u00e9 a segunda vez que ele \u00e9 pego em menos de uma semana. <\/p>\n\n\n\n<p>\u00cdcaro permanecer\u00e1 preso at\u00e9 ser transferido a 76DP, aonde responder\u00e1 por tr\u00e1fico de drogas.<\/p>\n\n\n\n<figure class=\"wp-block-video\"><video height=\"622\" style=\"aspect-ratio: 1280 \/ 622;\" width=\"1280\" controls src=\"https:\/\/maricatotal.com.br\/site\/wp-content\/uploads\/2019\/08\/wp-1565708464265.mp4\"><\/video><\/figure>\n","protected":false},"excerpt":{"rendered":"<p>Na manh\u00e3 desta Ter\u00e7a-Feira(13\/08), um jovem foi preso por Policiais da 82DP. Segundo informa\u00e7\u00f5es, \u00cdcaro Ribeiro Sobral (20 anos) j\u00e1<\/p>\n","protected":false},"author":1,"featured_media":0,"comment_status":"open","ping_status":"open","sticky":false,"template":"","format":"standard","meta":{"colormag_page_container_layout":"default_layout","colormag_page_sidebar_layout":"default_layout","footnotes":""},"categories":[1],"tags":[],"class_list":["post-2885","post","type-post","status-publish","format-standard","hentry","category-noticias"],"amp_enabled":true,"_links":{"self":[{"href":"https:\/\/maricatotal.com.br\/site\/wp-json\/wp\/v2\/posts\/2885","targetHints":{"allow":["GET"]}}],"collection":[{"href":"https:\/\/maricatotal.com.br\/site\/wp-json\/wp\/v2\/posts"}],"about":[{"href":"https:\/\/maricatotal.com.br\/site\/wp-json\/wp\/v2\/types\/post"}],"author":[{"embeddable":true,"href":"https:\/\/maricatotal.com.br\/site\/wp-json\/wp\/v2\/users\/1"}],"replies":[{"embeddable":true,"href":"https:\/\/maricatotal.com.br\/site\/wp-json\/wp\/v2\/comments?post=2885"}],"version-history":[{"count":0,"href":"https:\/\/maricatotal.com.br\/site\/wp-json\/wp\/v2\/posts\/2885\/revisions"}],"wp:attachment":[{"href":"https:\/\/maricatotal.com.br\/site\/wp-json\/wp\/v2\/media?parent=2885"}],"wp:term":[{"taxonomy":"category","embeddable":true,"href":"https:\/\/maricatotal.com.br\/site\/wp-json\/wp\/v2\/categories?post=2885"},{"taxonomy":"post_tag","embeddable":true,"href":"https:\/\/maricatotal.com.br\/site\/wp-json\/wp\/v2\/tags?post=2885"}],"curies":[{"name":"wp","href":"https:\/\/api.w.org\/{rel}","templated":true}]}}