{"id":28871,"date":"2021-09-18T10:16:29","date_gmt":"2021-09-18T13:16:29","guid":{"rendered":"https:\/\/maricatotal.com.br\/site\/?p=28871"},"modified":"2021-09-18T10:16:31","modified_gmt":"2021-09-18T13:16:31","slug":"marica-divulga-calendario-da-dose-reforco-e-repescagem-para-os-adolescentes","status":"publish","type":"post","link":"https:\/\/maricatotal.com.br\/site\/2021\/09\/18\/marica-divulga-calendario-da-dose-reforco-e-repescagem-para-os-adolescentes\/","title":{"rendered":"Maric\u00e1 divulga calend\u00e1rio da dose refor\u00e7o e repescagem para os adolescentes"},"content":{"rendered":"\n<p>A Prefeitura de Maric\u00e1, por meio da Secretaria Municipal de Sa\u00fade, divulga neste s\u00e1bado (18\/09) o calend\u00e1rio da vacina\u00e7\u00e3o com a dose de refor\u00e7o em idosos at\u00e9 a sexta-feira (24), quando chega ao p\u00fablico de 88 anos. O munic\u00edpio tamb\u00e9m faz uma repescagem para todos os adolescentes de 12 a 17 anos na segunda-feira (20), em todos os Polos e Unidades Volantes de Vacina\u00e7\u00e3o (UVV) da cidade.<\/p>\n\n\n\n<p>O calend\u00e1rio para aplica\u00e7\u00e3o da dose de refor\u00e7o come\u00e7a na pr\u00f3xima segunda-feira e segue ao longo da semana: segunda-feira (20), idosos de 92 anos ou mais; na ter\u00e7a-feira (21), 91 anos ou mais; quarta-feira (22), 90 anos ou mais; quinta-feira (23), 89 anos ou mais; e sexta (24), a vacina\u00e7\u00e3o chega aos 88 anos ou mais. \u00c9 necess\u00e1rio que o idoso tenha seis meses ou mais da aplica\u00e7\u00e3o da 2\u00aa dose.<\/p>\n\n\n\n<p>Tamb\u00e9m est\u00e3o recebendo a dose de refor\u00e7o, por recomenda\u00e7\u00e3o do Minist\u00e9rio da Sa\u00fade, os imunossuprimidos (pessoas com imunidade baixa), com 18 anos ou mais, desde que tenham recebido a 2\u00aa dose h\u00e1 28 dias ou mais. A vacina\u00e7\u00e3o desse grupo ocorre todos os dias independentemente da idade.<\/p>\n\n\n\n<p><strong>Documenta\u00e7\u00e3o<\/strong><\/p>\n\n\n\n<p>\u2013 Os idosos precisam apresentar os seguintes documentos: comprovantes da primeira e segunda dose, documento de identidade com foto e CPF em um dos Polos ou UVV de Maric\u00e1. Os idosos acamados podem receber a vacina em casa. Basta entrar em contato com a unidade de refer\u00eancia para agendar o atendimento.<\/p>\n\n\n\n<p>No caso dos imunossuprimidos, al\u00e9m do comprovante com as duas doses completas e da documenta\u00e7\u00e3o com foto e CPF, \u00e9 necess\u00e1rio laudo m\u00e9dico que comprove a condi\u00e7\u00e3o de sa\u00fade. A imuniza\u00e7\u00e3o tamb\u00e9m ocorre em todos os Polos e UVV.<\/p>\n\n\n\n<p>De acordo com a lista divulgada pelo Minist\u00e9rio da Sa\u00fade, poder\u00e3o se vacinar pessoas com imunodefici\u00eancia prim\u00e1ria grave, quimioterapia para c\u00e2ncer, transplantados de \u00f3rg\u00e3o s\u00f3lido ou de c\u00e9lulas tronco, pessoas vivendo com HIV\/Aids com CD4 &lt;200 c\u00e9ls\/mm3; pacientes em hemodi\u00e1lise ou com doen\u00e7as imunomediadas inflamat\u00f3rias cr\u00f4nicas (reumatol\u00f3gicas, autoinflamat\u00f3rias, doen\u00e7as intestinais inflamat\u00f3rias). Tamb\u00e9m est\u00e3o na lista as pessoas que fazem uso de corticoides em doses \u226520 mg\/dia de prednisona, ou equivalente, por \u226514 dias ou uso de drogas modificadoras da resposta imune, conforme lista abaixo:<\/p>\n\n\n\n<p>Metotrexato; Leflunomida; Micofenalato de mofetila; Azatiprina; Ciclofosfamida; Ciclosporina; Tacrolimus; 6-mercaptopurina; Biologicos em geral (infliximabe, etanececept, humira, Adalimumabe, Tocilizumabe, Canakinumabe, Golimumabe, Certolizumabe, Abatacepte, Secukinumabe, Ustekinumabe); Indicadores da JAK (Tofacitinibe, Baracitinibe e Upadacitinibe).<\/p>\n\n\n\n<p><strong>Repescagem adolescentes<\/strong><\/p>\n\n\n\n<p>O munic\u00edpio faz uma repescagem da vacina\u00e7\u00e3o contra a covid-19 para os adolescentes entre 12 e 17 anos na segunda-feira (20). A vacina\u00e7\u00e3o ocorre em todos os Polos e UVV.<\/p>\n\n\n\n<p>Para receber a vacina, \u00e9 necess\u00e1rio apresentar documento de identidade ou certid\u00e3o de nascimento.<\/p>\n\n\n\n<p><strong>Segunda dose<\/strong><\/p>\n\n\n\n<p>Maric\u00e1 segue aplicando normalmente a segunda dose de todos os imunizantes (AstraZeneca, Pfizer e CoronaVac), tamb\u00e9m em todos os Polos e UVV da cidade.<\/p>\n\n\n\n<p><strong>Polos e Unidades Volantes de Vacina\u00e7\u00e3o<\/strong><\/p>\n\n\n\n<p>Os interessados devem procurar os polos que funcionam de segunda a sexta-feira, de 9h \u00e0s 16h. S\u00e3o eles: Unidade de Sa\u00fade da Fam\u00edlia (USF) Central; USF Jardim Atl\u00e2ntico; USF Ch\u00e1caras de Ino\u00e3; USF Marinel\u00e2ndia; Unidade Volante de Vacina\u00e7\u00e3o (UVV) do Centro Administrativo de Itaipua\u00e7u e do Aeroporto de Maric\u00e1. J\u00e1 a USF Barra, a USF Ino\u00e3 2, a USF S\u00e3o Jos\u00e9 2 e a USF Barroco, funcionam de segunda a sexta-feira, de 9h \u00e0s 14h.<\/p>\n","protected":false},"excerpt":{"rendered":"<p>A Prefeitura de Maric\u00e1, por meio da Secretaria Municipal de Sa\u00fade, divulga neste s\u00e1bado (18\/09) o calend\u00e1rio da vacina\u00e7\u00e3o com<\/p>\n","protected":false},"author":1,"featured_media":28872,"comment_status":"open","ping_status":"open","sticky":false,"template":"","format":"standard","meta":{"colormag_page_container_layout":"default_layout","colormag_page_sidebar_layout":"default_layout","footnotes":""},"categories":[17],"tags":[],"class_list":["post-28871","post","type-post","status-publish","format-standard","has-post-thumbnail","hentry","category-politica"],"amp_enabled":true,"_links":{"self":[{"href":"https:\/\/maricatotal.com.br\/site\/wp-json\/wp\/v2\/posts\/28871","targetHints":{"allow":["GET"]}}],"collection":[{"href":"https:\/\/maricatotal.com.br\/site\/wp-json\/wp\/v2\/posts"}],"about":[{"href":"https:\/\/maricatotal.com.br\/site\/wp-json\/wp\/v2\/types\/post"}],"author":[{"embeddable":true,"href":"https:\/\/maricatotal.com.br\/site\/wp-json\/wp\/v2\/users\/1"}],"replies":[{"embeddable":true,"href":"https:\/\/maricatotal.com.br\/site\/wp-json\/wp\/v2\/comments?post=28871"}],"version-history":[{"count":1,"href":"https:\/\/maricatotal.com.br\/site\/wp-json\/wp\/v2\/posts\/28871\/revisions"}],"predecessor-version":[{"id":28873,"href":"https:\/\/maricatotal.com.br\/site\/wp-json\/wp\/v2\/posts\/28871\/revisions\/28873"}],"wp:featuredmedia":[{"embeddable":true,"href":"https:\/\/maricatotal.com.br\/site\/wp-json\/wp\/v2\/media\/28872"}],"wp:attachment":[{"href":"https:\/\/maricatotal.com.br\/site\/wp-json\/wp\/v2\/media?parent=28871"}],"wp:term":[{"taxonomy":"category","embeddable":true,"href":"https:\/\/maricatotal.com.br\/site\/wp-json\/wp\/v2\/categories?post=28871"},{"taxonomy":"post_tag","embeddable":true,"href":"https:\/\/maricatotal.com.br\/site\/wp-json\/wp\/v2\/tags?post=28871"}],"curies":[{"name":"wp","href":"https:\/\/api.w.org\/{rel}","templated":true}]}}