{"id":28902,"date":"2021-09-20T13:39:28","date_gmt":"2021-09-20T16:39:28","guid":{"rendered":"https:\/\/maricatotal.com.br\/site\/?p=28902"},"modified":"2021-09-20T13:39:29","modified_gmt":"2021-09-20T16:39:29","slug":"vereador-aldair-de-linda-cria-projeto-que-proibe-vendas-de-sacolas-plasticas-nos-comercios-de-marica","status":"publish","type":"post","link":"https:\/\/maricatotal.com.br\/site\/2021\/09\/20\/vereador-aldair-de-linda-cria-projeto-que-proibe-vendas-de-sacolas-plasticas-nos-comercios-de-marica\/","title":{"rendered":"Vereador Aldair de Linda cria projeto que pro\u00edbe vendas de sacolas pl\u00e1sticas nos com\u00e9rcios de Maric\u00e1"},"content":{"rendered":"\n<p>O vereador Aldair de Linda (PT) criou um projeto de lei, que dever\u00e1 ser votado nos pr\u00f3ximos dias, que pro\u00edbe a venda de sacolas pl\u00e1sticas nos com\u00e9rcios da cidade como, mercados e sacol\u00f5es.&nbsp;<\/p>\n\n\n\n<p>Atualmente, cada sacola custa entre R$ 0,08 e R$ 0,10. De acordo com o projeto, o fornecimento das sacolas dever\u00e1 ser gratuito.&nbsp;<\/p>\n\n\n\n<p>O com\u00e9rcio que descumprir a lei ser\u00e1 punido com notifica\u00e7\u00e3o, multa &#8211; que poder\u00e1 variar entre cinco e 20 UFIMAS (cada UFIMA equivale a R$ 160,70) &#8211; e suspens\u00e3o do alvar\u00e1 de funcionamento. No caso de reincid\u00eancia, ser\u00e1 cobrada a multa em dobro.<\/p>\n\n\n\n<p>\u201cVivemos um momento dif\u00edcil em nosso pa\u00eds, em que muitas pessoas est\u00e3o com a situa\u00e7\u00e3o financeira ca\u00f3tica. Fiz esse projeto de lei, pois sei que os alimentos nos mercados est\u00e3o muito caros e \u00e9 inaceit\u00e1vel que o consumidor ainda precise pagar pelas sacolas.\u201d, explicou Aldair de Linda.<\/p>\n","protected":false},"excerpt":{"rendered":"<p>O vereador Aldair de Linda (PT) criou um projeto de lei, que dever\u00e1 ser votado nos pr\u00f3ximos dias, que pro\u00edbe<\/p>\n","protected":false},"author":1,"featured_media":28903,"comment_status":"open","ping_status":"open","sticky":false,"template":"","format":"standard","meta":{"colormag_page_container_layout":"default_layout","colormag_page_sidebar_layout":"default_layout","footnotes":""},"categories":[17],"tags":[],"class_list":["post-28902","post","type-post","status-publish","format-standard","has-post-thumbnail","hentry","category-politica"],"amp_enabled":true,"_links":{"self":[{"href":"https:\/\/maricatotal.com.br\/site\/wp-json\/wp\/v2\/posts\/28902","targetHints":{"allow":["GET"]}}],"collection":[{"href":"https:\/\/maricatotal.com.br\/site\/wp-json\/wp\/v2\/posts"}],"about":[{"href":"https:\/\/maricatotal.com.br\/site\/wp-json\/wp\/v2\/types\/post"}],"author":[{"embeddable":true,"href":"https:\/\/maricatotal.com.br\/site\/wp-json\/wp\/v2\/users\/1"}],"replies":[{"embeddable":true,"href":"https:\/\/maricatotal.com.br\/site\/wp-json\/wp\/v2\/comments?post=28902"}],"version-history":[{"count":1,"href":"https:\/\/maricatotal.com.br\/site\/wp-json\/wp\/v2\/posts\/28902\/revisions"}],"predecessor-version":[{"id":28904,"href":"https:\/\/maricatotal.com.br\/site\/wp-json\/wp\/v2\/posts\/28902\/revisions\/28904"}],"wp:featuredmedia":[{"embeddable":true,"href":"https:\/\/maricatotal.com.br\/site\/wp-json\/wp\/v2\/media\/28903"}],"wp:attachment":[{"href":"https:\/\/maricatotal.com.br\/site\/wp-json\/wp\/v2\/media?parent=28902"}],"wp:term":[{"taxonomy":"category","embeddable":true,"href":"https:\/\/maricatotal.com.br\/site\/wp-json\/wp\/v2\/categories?post=28902"},{"taxonomy":"post_tag","embeddable":true,"href":"https:\/\/maricatotal.com.br\/site\/wp-json\/wp\/v2\/tags?post=28902"}],"curies":[{"name":"wp","href":"https:\/\/api.w.org\/{rel}","templated":true}]}}