{"id":28906,"date":"2021-09-20T14:22:05","date_gmt":"2021-09-20T17:22:05","guid":{"rendered":"https:\/\/maricatotal.com.br\/site\/?p=28906"},"modified":"2021-09-20T14:22:07","modified_gmt":"2021-09-20T17:22:07","slug":"motociclista-colide-na-traseira-de-taxi-em-marica","status":"publish","type":"post","link":"https:\/\/maricatotal.com.br\/site\/2021\/09\/20\/motociclista-colide-na-traseira-de-taxi-em-marica\/","title":{"rendered":"Motociclista colide na traseira de t\u00e1xi em Maric\u00e1"},"content":{"rendered":"\n<p>Um motociclista colidiu na traseira de um t\u00e1xi, na Rua Fernando dos Santos Caetano, em Maric\u00e1, na tarde desta segunda-feira (20).<\/p>\n\n\n\n<p>Segundo informa\u00e7\u00f5es, o taxistas seguia sentido hospital quando o motociclista descia a rua em alta velocidade, n\u00e3o conseguindo frear, batendo no carro.&nbsp;<\/p>\n\n\n\n<p>Com o impacto da batida, o condutor da moto sofreu algumas escoria\u00e7\u00f5es, mas n\u00e3o foi necess\u00e1rio socorro m\u00e9dico.<\/p>\n\n\n\n<p>O tr\u00e2nsito no acesso ao Centro da cidade ficou lento mas logo em seguida voltou ao normal.&nbsp;<\/p>\n","protected":false},"excerpt":{"rendered":"<p>Um motociclista colidiu na traseira de um t\u00e1xi, na Rua Fernando dos Santos Caetano, em Maric\u00e1, na tarde desta segunda-feira<\/p>\n","protected":false},"author":1,"featured_media":28907,"comment_status":"open","ping_status":"open","sticky":false,"template":"","format":"standard","meta":{"colormag_page_container_layout":"default_layout","colormag_page_sidebar_layout":"default_layout","footnotes":""},"categories":[14],"tags":[],"class_list":["post-28906","post","type-post","status-publish","format-standard","has-post-thumbnail","hentry","category-bairros"],"amp_enabled":true,"_links":{"self":[{"href":"https:\/\/maricatotal.com.br\/site\/wp-json\/wp\/v2\/posts\/28906","targetHints":{"allow":["GET"]}}],"collection":[{"href":"https:\/\/maricatotal.com.br\/site\/wp-json\/wp\/v2\/posts"}],"about":[{"href":"https:\/\/maricatotal.com.br\/site\/wp-json\/wp\/v2\/types\/post"}],"author":[{"embeddable":true,"href":"https:\/\/maricatotal.com.br\/site\/wp-json\/wp\/v2\/users\/1"}],"replies":[{"embeddable":true,"href":"https:\/\/maricatotal.com.br\/site\/wp-json\/wp\/v2\/comments?post=28906"}],"version-history":[{"count":1,"href":"https:\/\/maricatotal.com.br\/site\/wp-json\/wp\/v2\/posts\/28906\/revisions"}],"predecessor-version":[{"id":28908,"href":"https:\/\/maricatotal.com.br\/site\/wp-json\/wp\/v2\/posts\/28906\/revisions\/28908"}],"wp:featuredmedia":[{"embeddable":true,"href":"https:\/\/maricatotal.com.br\/site\/wp-json\/wp\/v2\/media\/28907"}],"wp:attachment":[{"href":"https:\/\/maricatotal.com.br\/site\/wp-json\/wp\/v2\/media?parent=28906"}],"wp:term":[{"taxonomy":"category","embeddable":true,"href":"https:\/\/maricatotal.com.br\/site\/wp-json\/wp\/v2\/categories?post=28906"},{"taxonomy":"post_tag","embeddable":true,"href":"https:\/\/maricatotal.com.br\/site\/wp-json\/wp\/v2\/tags?post=28906"}],"curies":[{"name":"wp","href":"https:\/\/api.w.org\/{rel}","templated":true}]}}