{"id":29014,"date":"2021-09-22T15:22:54","date_gmt":"2021-09-22T18:22:54","guid":{"rendered":"https:\/\/maricatotal.com.br\/site\/?p=29014"},"modified":"2021-09-22T15:22:55","modified_gmt":"2021-09-22T18:22:55","slug":"marica-tera-protocolo-para-controle-populacional-de-animais-sem-tutor","status":"publish","type":"post","link":"https:\/\/maricatotal.com.br\/site\/2021\/09\/22\/marica-tera-protocolo-para-controle-populacional-de-animais-sem-tutor\/","title":{"rendered":"Maric\u00e1 ter\u00e1 protocolo para controle populacional  de animais sem tutor"},"content":{"rendered":"\n<p>Durante a sess\u00e3o ordin\u00e1ria desta quarta-feira (22), foi votado um importante projeto de lei, de autoria do Poder Executivo, que&nbsp;institui o protocolo C.E.D. (captura, esteriliza\u00e7\u00e3o e devolu\u00e7\u00e3o), e marca\u00e7\u00e3o nos felinos e c\u00e3es para controle populacional de animais sem tutor reconhecido no munic\u00edpio.&nbsp;O protocolo poder\u00e1 ser realizado pelos \u00f3rg\u00e3os p\u00fablicos municipais e por institui\u00e7\u00f5es n\u00e3o governamentais ligadas \u00e0 prote\u00e7\u00e3o e promo\u00e7\u00e3o do bem-estar animal devidamente regularizada junto aos \u00f3rg\u00e3os competentes.<\/p>\n\n\n\n<p>De acordo com o PL, para aplica\u00e7\u00e3o do protocolo C.E.D., entendem-se como animais sem tutor reconhecido, animais n\u00e3o domiciliados que vivam em situa\u00e7\u00e3o de rua. Para aplica\u00e7\u00e3o do protocolo C.E.D., entendem-se como animais sem tutor reconhecido, animais n\u00e3o domiciliados que vivam em situa\u00e7\u00e3o de rua. De acordo com o PL, As cirurgias de esteriliza\u00e7\u00e3o ser\u00e3o realizadas em estabelecimentos compostos por equipe de m\u00e9dicos veterin\u00e1rios licenciados pelo Conselho Regional de Medicina Veterin\u00e1rio do Rio de Janeiro (CRMV\/RJ) e que contenha alvar\u00e1 de funcionamento ou autoriza\u00e7\u00e3o municipal para atuar nos limites da cidade.<\/p>\n\n\n\n<p><strong>Ordem do Dia &#8211;<\/strong>&nbsp;Os vereadores votaram, em primeiro turno, o&nbsp;Projeto de Lei n\u00ba 45, de autoria da vereadora Andrea Cunha que institui o Programa Meninas Crescendo Sem Medo nas escolas da rede p\u00fablica municipal.&nbsp; Os vereadores votaram o PL, de autoria do vereador Danilo Santos, que determina a ado\u00e7\u00e3o de software livre em todos os \u00f3rg\u00e3os e entidades p\u00fablicas do munic\u00edpio.<\/p>\n\n\n\n<p>Os vereadores votaram, em primeiro turno, o&nbsp;Projeto de Lei n\u00ba 81, de autoria do vereador Netuno, que pro\u00edbe a emiss\u00e3o de ru\u00eddos sonoros excessivos provenientes de escapamentos de ve\u00edculos automotores e motocicletas fora das normas estabelecidas nas legisla\u00e7\u00f5es em vigor. Foi votado PL do mesmo vereador que institui o Programa limpeza urbana denominada como Gari Comunit\u00e1rio.<\/p>\n\n\n\n<p>Tamb\u00e9m foi votado o PL n\u00ba 112, de autoria do vereador Cemar que declara de Utilidade P\u00fablica Municipal a Igreja Evang\u00e9lica Congregacional de Maric\u00e1.<strong>&nbsp;Foi&nbsp;<\/strong>votado, em segundo turno, um PL, do mesmo vereador, que&nbsp;disp\u00f5e sobre o fechamento ao tr\u00e1fego de ve\u00edculos estranhos ao moradores de vilas, ruas sem sa\u00edda e travessas com caracter\u00edsticas de &#8220;rua sem sa\u00edda\u201d.&nbsp;Foi votado PL,&nbsp;de autoria do vereador Dr. Felipe Auni, que denomina como Rua Haroldo Pereira Giordano a atual Rua 67, em Jacaro\u00e1.<\/p>\n\n\n\n<p><strong>Mo\u00e7\u00f5es \u2013<\/strong>&nbsp;Foram votadas mo\u00e7\u00f5es do&nbsp;vereador Hadesh a Adriana Ribeiro dos Santos, a Rodrigo de Moura Santos, a R\u00f4mulo Rodrigues dos Santos e a Renan Romero Cardoso; do vereador Frank Costaa Ordilei dos Santos Costa; do vereador Xandi de Bambu\u00ed a Benedita da Silva Camargo e a Jocelino Rosa Camargo; da vereadora Andrea Cunha a Thaiza Freitas de Senna e a Mariana de Freitas.<\/p>\n","protected":false},"excerpt":{"rendered":"<p>Durante a sess\u00e3o ordin\u00e1ria desta quarta-feira (22), foi votado um importante projeto de lei, de autoria do Poder Executivo, que&nbsp;institui<\/p>\n","protected":false},"author":1,"featured_media":29015,"comment_status":"open","ping_status":"open","sticky":false,"template":"","format":"standard","meta":{"colormag_page_container_layout":"default_layout","colormag_page_sidebar_layout":"default_layout","footnotes":""},"categories":[17],"tags":[],"class_list":["post-29014","post","type-post","status-publish","format-standard","has-post-thumbnail","hentry","category-politica"],"amp_enabled":true,"_links":{"self":[{"href":"https:\/\/maricatotal.com.br\/site\/wp-json\/wp\/v2\/posts\/29014","targetHints":{"allow":["GET"]}}],"collection":[{"href":"https:\/\/maricatotal.com.br\/site\/wp-json\/wp\/v2\/posts"}],"about":[{"href":"https:\/\/maricatotal.com.br\/site\/wp-json\/wp\/v2\/types\/post"}],"author":[{"embeddable":true,"href":"https:\/\/maricatotal.com.br\/site\/wp-json\/wp\/v2\/users\/1"}],"replies":[{"embeddable":true,"href":"https:\/\/maricatotal.com.br\/site\/wp-json\/wp\/v2\/comments?post=29014"}],"version-history":[{"count":1,"href":"https:\/\/maricatotal.com.br\/site\/wp-json\/wp\/v2\/posts\/29014\/revisions"}],"predecessor-version":[{"id":29016,"href":"https:\/\/maricatotal.com.br\/site\/wp-json\/wp\/v2\/posts\/29014\/revisions\/29016"}],"wp:featuredmedia":[{"embeddable":true,"href":"https:\/\/maricatotal.com.br\/site\/wp-json\/wp\/v2\/media\/29015"}],"wp:attachment":[{"href":"https:\/\/maricatotal.com.br\/site\/wp-json\/wp\/v2\/media?parent=29014"}],"wp:term":[{"taxonomy":"category","embeddable":true,"href":"https:\/\/maricatotal.com.br\/site\/wp-json\/wp\/v2\/categories?post=29014"},{"taxonomy":"post_tag","embeddable":true,"href":"https:\/\/maricatotal.com.br\/site\/wp-json\/wp\/v2\/tags?post=29014"}],"curies":[{"name":"wp","href":"https:\/\/api.w.org\/{rel}","templated":true}]}}