{"id":29144,"date":"2021-09-27T06:54:55","date_gmt":"2021-09-27T09:54:55","guid":{"rendered":"https:\/\/maricatotal.com.br\/site\/?p=29144"},"modified":"2021-09-27T06:54:56","modified_gmt":"2021-09-27T09:54:56","slug":"prefeitura-leva-feira-de-arte-musica-e-poesia-para-o-recanto","status":"publish","type":"post","link":"https:\/\/maricatotal.com.br\/site\/2021\/09\/27\/prefeitura-leva-feira-de-arte-musica-e-poesia-para-o-recanto\/","title":{"rendered":"Prefeitura leva feira de arte, m\u00fasica e poesia para o Recanto"},"content":{"rendered":"\n<p>Com o apoio da Prefeitura de Maric\u00e1, por meio da Secretaria de Cultura, foi realizada neste domingo, 26\/09, em Itaipua\u00e7u, a Mostra da Primavera, com muita m\u00fasica e poesia na feirinha do Recanto.<\/p>\n\n\n\n<p>Com um visual perfeito, tendo a orla como fundo, quem passava pelo local tinha sua aten\u00e7\u00e3o despertada pelas m\u00fasicas executadas pelo violonista Joseph Azevedo.<\/p>\n\n\n\n<p>O secret\u00e1rio de Cultura de Maric\u00e1, Sady Bianchin, disse que o seu desejo \u00e9 de atrair cada vez mais pessoas ao evento.<\/p>\n\n\n\n<p>\u201cEssa feira j\u00e1 \u00e9 permanente, como um ponto de cultura da secretaria. E a partir de agora, a gente vai trazer sempre m\u00fasica e teatro para as crian\u00e7as, al\u00e9m de gerar renda para nossos artistas\u201d, explicou.<\/p>\n\n\n\n<p>Coordenadoras do evento, Catiara Brito e Sueli Castano revelaram que a feira \u00e9 realizada todos os domingos, com um grande evento mensal, com exce\u00e7\u00e3o do m\u00eas de outubro. \u201cNo momento, estamos com 30 barracas. Nosso foco \u00e9 fazer festa tem\u00e1tica para chamar sempre a aten\u00e7\u00e3o do p\u00fablico. Em outubro, por exemplo, vamos ter dois eventos, no Dia das Crian\u00e7as (10) e Halloween (31)\u201d, disse Catiara.<\/p>\n\n\n\n<p>\u201cAqui as pessoas s\u00f3 v\u00e3o encontrar coisa bonita e da terra\u201d, completou Sueli Castano, adiantando que a feira ter\u00e1 tamb\u00e9m um espa\u00e7o para massagens, na areia da praia.<\/p>\n\n\n\n<p>Terapeuta e mentora emocional, \u00cdsis Gouveah \u00e9 especialista em emo\u00e7\u00f5es h\u00e1 9 anos, e deu in\u00edcio ao projeto emo\u00e7\u00f5es em vermelho, para conscientizar as pessoas sobre a import\u00e2ncia de cuidar do emocional. \u201cNessa t\u00e9cnica, barra de access (pr\u00e1tica que consiste na manipula\u00e7\u00e3o de pontos no cr\u00e2nio), \u00e9 relaxante e acessa 32 pontos de energia,\u201d, contou.<\/p>\n\n\n\n<p>A paulista Alessandra Amorim foi uma das que aproveitou essa novidade que busca ajudar o paciente a ressignificar o olhar sobre o que acontece. \u201cEu achei muito bacana. Me deu uma sensa\u00e7\u00e3o de paz, uma conex\u00e3o comigo mesmo. Relaxante. Hoje em dia as pessoas est\u00e3o muito fora de eixo, ent\u00e3o precisam mesmo desse centro\u201d, contou satisfeita.<\/p>\n\n\n\n<p><strong>P\u00fablico aprova<\/strong><\/p>\n\n\n\n<p>Moradora de Ino\u00e3, C\u00e9lia de Moraes de 48 anos garantia duas garrafas de aguardente na barraca Divina Donna e Moby Dick. \u201cEssa \u00e9 a primeira vez que eu venho aqui. Achei maravilhosa essa iniciativa, mas fiquei sabendo pelos meus amigos. Acho que tem gente que s\u00f3 n\u00e3o vem porque n\u00e3o conhece. Aproveitei para almo\u00e7ar e estou esperando para ver a poesia e a m\u00fasica, enquanto isso vou comprando umas coisinhas. Comprei duas cacha\u00e7as porque cacha\u00e7a \u00e9 feliz, \u00e9 uma bebida alegre que coloca felicidade na nossa alma, diferente de outras bebidas nos deixa com sono\u201d, declarou enquanto degustava uma de fava de baunilha com pimenta.<\/p>\n\n\n\n<p>Amigos do vocalista, Carlos Henrique e Sueli Silva caminhavam pela praia quando se depararam com o show de Raul Brito. Ficaram pertinho do palco, cantando e dan\u00e7ando ao som de \u201cPaix\u00e3o antiga\u201d, \u201cPedras que cantam\u201d e \u201cSina\u201d. \u201cN\u00f3s achamos \u00f3timo. Melhor imposs\u00edvel porque a feirinha em si j\u00e1 d\u00e1 uma alegria e com m\u00fasica ent\u00e3o\u201d, declarou Sueli. \u201cAqui estava precisando. O Recanto \u00e9 t\u00e3o lindo e sempre tem atra\u00e7\u00f5es no Jardim Atl\u00e2ntico\u201d, revelou Carlos Henrique.<\/p>\n","protected":false},"excerpt":{"rendered":"<p>Com o apoio da Prefeitura de Maric\u00e1, por meio da Secretaria de Cultura, foi realizada neste domingo, 26\/09, em Itaipua\u00e7u,<\/p>\n","protected":false},"author":1,"featured_media":29145,"comment_status":"open","ping_status":"open","sticky":false,"template":"","format":"standard","meta":{"colormag_page_container_layout":"default_layout","colormag_page_sidebar_layout":"default_layout","footnotes":""},"categories":[18],"tags":[],"class_list":["post-29144","post","type-post","status-publish","format-standard","has-post-thumbnail","hentry","category-entretenimento"],"amp_enabled":true,"_links":{"self":[{"href":"https:\/\/maricatotal.com.br\/site\/wp-json\/wp\/v2\/posts\/29144","targetHints":{"allow":["GET"]}}],"collection":[{"href":"https:\/\/maricatotal.com.br\/site\/wp-json\/wp\/v2\/posts"}],"about":[{"href":"https:\/\/maricatotal.com.br\/site\/wp-json\/wp\/v2\/types\/post"}],"author":[{"embeddable":true,"href":"https:\/\/maricatotal.com.br\/site\/wp-json\/wp\/v2\/users\/1"}],"replies":[{"embeddable":true,"href":"https:\/\/maricatotal.com.br\/site\/wp-json\/wp\/v2\/comments?post=29144"}],"version-history":[{"count":1,"href":"https:\/\/maricatotal.com.br\/site\/wp-json\/wp\/v2\/posts\/29144\/revisions"}],"predecessor-version":[{"id":29146,"href":"https:\/\/maricatotal.com.br\/site\/wp-json\/wp\/v2\/posts\/29144\/revisions\/29146"}],"wp:featuredmedia":[{"embeddable":true,"href":"https:\/\/maricatotal.com.br\/site\/wp-json\/wp\/v2\/media\/29145"}],"wp:attachment":[{"href":"https:\/\/maricatotal.com.br\/site\/wp-json\/wp\/v2\/media?parent=29144"}],"wp:term":[{"taxonomy":"category","embeddable":true,"href":"https:\/\/maricatotal.com.br\/site\/wp-json\/wp\/v2\/categories?post=29144"},{"taxonomy":"post_tag","embeddable":true,"href":"https:\/\/maricatotal.com.br\/site\/wp-json\/wp\/v2\/tags?post=29144"}],"curies":[{"name":"wp","href":"https:\/\/api.w.org\/{rel}","templated":true}]}}