{"id":29156,"date":"2021-09-27T10:33:20","date_gmt":"2021-09-27T13:33:20","guid":{"rendered":"https:\/\/maricatotal.com.br\/site\/?p=29156"},"modified":"2021-09-27T10:33:21","modified_gmt":"2021-09-27T13:33:21","slug":"marcus-vinicius-dalmeida-e-vice-campeao-mundial-de-tiro-com-arco","status":"publish","type":"post","link":"https:\/\/maricatotal.com.br\/site\/2021\/09\/27\/marcus-vinicius-dalmeida-e-vice-campeao-mundial-de-tiro-com-arco\/","title":{"rendered":"Marcus Vinicius D\u00b4Almeida \u00e9 vice-campe\u00e3o mundial de tiro com arco"},"content":{"rendered":"\n<p>Marcus Vinicius D\u00b4Almeida conquistou, neste domingo, a primeira medalha da hist\u00f3ria do Brasil no Campeonato Mundial de tiro com arco, competi\u00e7\u00e3o que \u00e9 realizada desde 1933. Ele ficou com a medalha de prata ao perder a decis\u00e3o para o sul-coreano Kim Woojin, que chegou ao tricampeonato da competi\u00e7\u00e3o. O placar foi 7 a 3, parciais de 29 a 27, 29 a 28, 27 a 30, 28 a 28 e 29 a 27.<\/p>\n\n\n\n<p>O torneio contou com os principais nomes do mundo na atualidade, como os tr\u00eas medalhistas ol\u00edmpicos de T\u00f3quio no individual: turco Mete Gazoz, o italiano Mauro Nespoli e o japon\u00eas Takaharu Furukawa, al\u00e9m do trio coreano campe\u00e3o por equipes Kim Woo-jin, Oh Jin-hyek e Kim Je-deok. O atual campe\u00e3o mundial, americano Brady Ellison tamb\u00e9m estava na disputa.<\/p>\n\n\n\n<p>Neste domingo, o primeiro combate de Marcus foi contra o turco Samet Ak, uma das surpresas da competi\u00e7\u00e3o, j\u00e1 pelas quartas de final. O brasileiro venceu sem maiores dificuldades por 6 a 0, parciais de 30&#215;29, 30&#215;27 e 27 x 26. Na semifinal, ele derrotou o campe\u00e3o mundial de 2019 e dono de tr\u00eas medalhas ol\u00edmpicas, o americano Brady Ellison, por 6 a 4, parciais de 29&#215;29, 30&#215;30, 29\/25, 29\/25 e 28\/27.<\/p>\n\n\n\n<p>Marcus se classificou com a segunda melhor marca na primeira fase, garantindo assim um lugar melhor na chave de mata-mata, inclusive saindo de bye nas primeiras rodadas. Na quarta-feira, disputou dois confrontos que o colocou nas quartas de final: derrotou Dan Olaru, da Mold\u00e1via, e o holand\u00eas Steve Wijler, ambos por 7 a 3. Esse \u00faltimo, ali\u00e1s, foi medalha de prata nas Olimp\u00edadas de T\u00f3quio nas duplas mistas.<\/p>\n\n\n\n<p>O carioca j\u00e1 era, antes da conquista deste domingo, considerado o melhor atleta de todos os tempos do pa\u00eds no tiro com arco. Em 2014, com apenas 17 anos, foi prata na final da Copa do Mundo, mesma posi\u00e7\u00e3o obtida nos Jogos Ol\u00edmpicos da Juventude no mesmo ano. Em 2019, foi prata nos Jogos Pan-Americanos de Lima, melhor posi\u00e7\u00e3o da hist\u00f3ria do pa\u00eds na competi\u00e7\u00e3o. H\u00e1 um m\u00eas, em T\u00f3quio, foi 9\u00ba colocado, igualando o melhor desempenho da hist\u00f3ria do pa\u00eds no evento. (G1)<\/p>\n","protected":false},"excerpt":{"rendered":"<p>Marcus Vinicius D\u00b4Almeida conquistou, neste domingo, a primeira medalha da hist\u00f3ria do Brasil no Campeonato Mundial de tiro com arco,<\/p>\n","protected":false},"author":1,"featured_media":29157,"comment_status":"open","ping_status":"open","sticky":false,"template":"","format":"standard","meta":{"colormag_page_container_layout":"default_layout","colormag_page_sidebar_layout":"default_layout","footnotes":""},"categories":[15],"tags":[],"class_list":["post-29156","post","type-post","status-publish","format-standard","has-post-thumbnail","hentry","category-esporte"],"amp_enabled":true,"_links":{"self":[{"href":"https:\/\/maricatotal.com.br\/site\/wp-json\/wp\/v2\/posts\/29156","targetHints":{"allow":["GET"]}}],"collection":[{"href":"https:\/\/maricatotal.com.br\/site\/wp-json\/wp\/v2\/posts"}],"about":[{"href":"https:\/\/maricatotal.com.br\/site\/wp-json\/wp\/v2\/types\/post"}],"author":[{"embeddable":true,"href":"https:\/\/maricatotal.com.br\/site\/wp-json\/wp\/v2\/users\/1"}],"replies":[{"embeddable":true,"href":"https:\/\/maricatotal.com.br\/site\/wp-json\/wp\/v2\/comments?post=29156"}],"version-history":[{"count":1,"href":"https:\/\/maricatotal.com.br\/site\/wp-json\/wp\/v2\/posts\/29156\/revisions"}],"predecessor-version":[{"id":29158,"href":"https:\/\/maricatotal.com.br\/site\/wp-json\/wp\/v2\/posts\/29156\/revisions\/29158"}],"wp:featuredmedia":[{"embeddable":true,"href":"https:\/\/maricatotal.com.br\/site\/wp-json\/wp\/v2\/media\/29157"}],"wp:attachment":[{"href":"https:\/\/maricatotal.com.br\/site\/wp-json\/wp\/v2\/media?parent=29156"}],"wp:term":[{"taxonomy":"category","embeddable":true,"href":"https:\/\/maricatotal.com.br\/site\/wp-json\/wp\/v2\/categories?post=29156"},{"taxonomy":"post_tag","embeddable":true,"href":"https:\/\/maricatotal.com.br\/site\/wp-json\/wp\/v2\/tags?post=29156"}],"curies":[{"name":"wp","href":"https:\/\/api.w.org\/{rel}","templated":true}]}}