{"id":29159,"date":"2021-09-27T11:23:15","date_gmt":"2021-09-27T14:23:15","guid":{"rendered":"https:\/\/maricatotal.com.br\/site\/?p=29159"},"modified":"2021-09-27T11:23:17","modified_gmt":"2021-09-27T14:23:17","slug":"com-salarios-atrasados-pms-do-proeis-passam-por-necessidades","status":"publish","type":"post","link":"https:\/\/maricatotal.com.br\/site\/2021\/09\/27\/com-salarios-atrasados-pms-do-proeis-passam-por-necessidades\/","title":{"rendered":"Com sal\u00e1rios atrasados, PM\u2019s do PROEIS passam por necessidades"},"content":{"rendered":"\n<p>Policiais militares do Programa Estadual de Integra\u00e7\u00e3o na Seguran\u00e7a (PROEIS) seguem com sal\u00e1rios atrasados.<\/p>\n\n\n\n<p>Segundo informa\u00e7\u00f5es, a Prefeitura segue realizando o repasse da verba para o pagamento dos sal\u00e1rios dos militares, algo que n\u00e3o vem acontecendo, revoltando toda classe.&nbsp;<\/p>\n\n\n\n<p>O CPROEIS segue sendo questionado constantemente, mas apenas informa que assim que os tr\u00e2mites administrativos estiverem resolvidos, os pagamentos ser\u00e3o efetuados.&nbsp;<\/p>\n\n\n\n<p>Alguns policiais se acidentaram enquanto estavam no plant\u00e3o pelo PROEIS, tendo les\u00f5es grav\u00edssimas, sendo afastados das suas fun\u00e7\u00f5es em suas unidades. Estes PM\u2019s s\u00e3o os mais prejudicados, pois precisam comprar rem\u00e9dios e n\u00e3o est\u00e3o conseguindo devido a falta do sal\u00e1rio.&nbsp;<\/p>\n\n\n\n<p>O CPROEIS n\u00e3o se pronunciou sobre o assunto.&nbsp;<\/p>\n","protected":false},"excerpt":{"rendered":"<p>Policiais militares do Programa Estadual de Integra\u00e7\u00e3o na Seguran\u00e7a (PROEIS) seguem com sal\u00e1rios atrasados. Segundo informa\u00e7\u00f5es, a Prefeitura segue realizando<\/p>\n","protected":false},"author":1,"featured_media":29160,"comment_status":"open","ping_status":"open","sticky":false,"template":"","format":"standard","meta":{"colormag_page_container_layout":"default_layout","colormag_page_sidebar_layout":"default_layout","footnotes":""},"categories":[1,17],"tags":[],"class_list":["post-29159","post","type-post","status-publish","format-standard","has-post-thumbnail","hentry","category-noticias","category-politica"],"amp_enabled":true,"_links":{"self":[{"href":"https:\/\/maricatotal.com.br\/site\/wp-json\/wp\/v2\/posts\/29159","targetHints":{"allow":["GET"]}}],"collection":[{"href":"https:\/\/maricatotal.com.br\/site\/wp-json\/wp\/v2\/posts"}],"about":[{"href":"https:\/\/maricatotal.com.br\/site\/wp-json\/wp\/v2\/types\/post"}],"author":[{"embeddable":true,"href":"https:\/\/maricatotal.com.br\/site\/wp-json\/wp\/v2\/users\/1"}],"replies":[{"embeddable":true,"href":"https:\/\/maricatotal.com.br\/site\/wp-json\/wp\/v2\/comments?post=29159"}],"version-history":[{"count":1,"href":"https:\/\/maricatotal.com.br\/site\/wp-json\/wp\/v2\/posts\/29159\/revisions"}],"predecessor-version":[{"id":29161,"href":"https:\/\/maricatotal.com.br\/site\/wp-json\/wp\/v2\/posts\/29159\/revisions\/29161"}],"wp:featuredmedia":[{"embeddable":true,"href":"https:\/\/maricatotal.com.br\/site\/wp-json\/wp\/v2\/media\/29160"}],"wp:attachment":[{"href":"https:\/\/maricatotal.com.br\/site\/wp-json\/wp\/v2\/media?parent=29159"}],"wp:term":[{"taxonomy":"category","embeddable":true,"href":"https:\/\/maricatotal.com.br\/site\/wp-json\/wp\/v2\/categories?post=29159"},{"taxonomy":"post_tag","embeddable":true,"href":"https:\/\/maricatotal.com.br\/site\/wp-json\/wp\/v2\/tags?post=29159"}],"curies":[{"name":"wp","href":"https:\/\/api.w.org\/{rel}","templated":true}]}}