{"id":29233,"date":"2021-09-29T18:41:58","date_gmt":"2021-09-29T21:41:58","guid":{"rendered":"https:\/\/maricatotal.com.br\/site\/?p=29233"},"modified":"2021-09-29T18:41:59","modified_gmt":"2021-09-29T21:41:59","slug":"marica-sub-20-empata-com-americano-por-1-a-1-e-avanca-de-fase-na-copa-rio-opg","status":"publish","type":"post","link":"https:\/\/maricatotal.com.br\/site\/2021\/09\/29\/marica-sub-20-empata-com-americano-por-1-a-1-e-avanca-de-fase-na-copa-rio-opg\/","title":{"rendered":"Maric\u00e1 Sub-20 empata com Americano por 1 a 1 e avan\u00e7a de fase na Copa Rio\/OPG"},"content":{"rendered":"\n<p>O Maric\u00e1 FC Sub-20 empatou por 1 a 1 com o Americano no Centro de Treinamento, em Campos, na tarde desta quarta-feira (29), e se classificou para a pr\u00f3xima fase da Copa Rio\/OPG.<\/p>\n\n\n\n<p>O time do Leste Fluminense visitou o tradicional time carioca e conseguiu o empate para avan\u00e7ar para a segunda fase. Nathan marcou o gol do Maric\u00e1 na partida.&nbsp;<\/p>\n\n\n\n<p>Na pr\u00f3xima fase, o Maric\u00e1 ir \u00e1 enfrentar o Nova Igua\u00e7u. O jogo de ida est\u00e1 marcado para a pr\u00f3xima quarta-feira (06), Esporte Clube Maric\u00e1.<\/p>\n\n\n\n<p><br><\/p>\n\n\n\n<figure class=\"wp-block-image size-full\"><img loading=\"lazy\" decoding=\"async\" width=\"1024\" height=\"682\" src=\"https:\/\/maricatotal.com.br\/site\/wp-content\/uploads\/2021\/09\/B503B65C-D562-481B-9EEC-8A938E63F538.jpeg\" alt=\"\" class=\"wp-image-29234\" srcset=\"https:\/\/maricatotal.com.br\/site\/wp-content\/uploads\/2021\/09\/B503B65C-D562-481B-9EEC-8A938E63F538.jpeg 1024w, https:\/\/maricatotal.com.br\/site\/wp-content\/uploads\/2021\/09\/B503B65C-D562-481B-9EEC-8A938E63F538-300x200.jpeg 300w, https:\/\/maricatotal.com.br\/site\/wp-content\/uploads\/2021\/09\/B503B65C-D562-481B-9EEC-8A938E63F538-768x512.jpeg 768w\" sizes=\"auto, (max-width: 1024px) 100vw, 1024px\" \/><\/figure>\n\n\n\n<p><br><\/p>\n","protected":false},"excerpt":{"rendered":"<p>O Maric\u00e1 FC Sub-20 empatou por 1 a 1 com o Americano no Centro de Treinamento, em Campos, na tarde<\/p>\n","protected":false},"author":1,"featured_media":29235,"comment_status":"open","ping_status":"open","sticky":false,"template":"","format":"standard","meta":{"colormag_page_container_layout":"default_layout","colormag_page_sidebar_layout":"default_layout","footnotes":""},"categories":[15],"tags":[],"class_list":["post-29233","post","type-post","status-publish","format-standard","has-post-thumbnail","hentry","category-esporte"],"amp_enabled":true,"_links":{"self":[{"href":"https:\/\/maricatotal.com.br\/site\/wp-json\/wp\/v2\/posts\/29233","targetHints":{"allow":["GET"]}}],"collection":[{"href":"https:\/\/maricatotal.com.br\/site\/wp-json\/wp\/v2\/posts"}],"about":[{"href":"https:\/\/maricatotal.com.br\/site\/wp-json\/wp\/v2\/types\/post"}],"author":[{"embeddable":true,"href":"https:\/\/maricatotal.com.br\/site\/wp-json\/wp\/v2\/users\/1"}],"replies":[{"embeddable":true,"href":"https:\/\/maricatotal.com.br\/site\/wp-json\/wp\/v2\/comments?post=29233"}],"version-history":[{"count":2,"href":"https:\/\/maricatotal.com.br\/site\/wp-json\/wp\/v2\/posts\/29233\/revisions"}],"predecessor-version":[{"id":29237,"href":"https:\/\/maricatotal.com.br\/site\/wp-json\/wp\/v2\/posts\/29233\/revisions\/29237"}],"wp:featuredmedia":[{"embeddable":true,"href":"https:\/\/maricatotal.com.br\/site\/wp-json\/wp\/v2\/media\/29235"}],"wp:attachment":[{"href":"https:\/\/maricatotal.com.br\/site\/wp-json\/wp\/v2\/media?parent=29233"}],"wp:term":[{"taxonomy":"category","embeddable":true,"href":"https:\/\/maricatotal.com.br\/site\/wp-json\/wp\/v2\/categories?post=29233"},{"taxonomy":"post_tag","embeddable":true,"href":"https:\/\/maricatotal.com.br\/site\/wp-json\/wp\/v2\/tags?post=29233"}],"curies":[{"name":"wp","href":"https:\/\/api.w.org\/{rel}","templated":true}]}}