{"id":29437,"date":"2021-10-05T18:33:45","date_gmt":"2021-10-05T21:33:45","guid":{"rendered":"https:\/\/maricatotal.com.br\/site\/?p=29437"},"modified":"2021-10-05T18:33:47","modified_gmt":"2021-10-05T21:33:47","slug":"bike-night-de-volta-no-dia-19-10","status":"publish","type":"post","link":"https:\/\/maricatotal.com.br\/site\/2021\/10\/05\/bike-night-de-volta-no-dia-19-10\/","title":{"rendered":"Bike Night de volta no dia 19\/10"},"content":{"rendered":"\n<p>A Prefeitura de Maric\u00e1, por meio da Secretaria de Esporte e Lazer, realiza a primeira edi\u00e7\u00e3o do ano do Bike Night, projeto de incentivo a pr\u00e1tica de atividade f\u00edsica com passeios gratuitos de bicicleta pela cidade. A iniciativa est\u00e1 marcada para o dia 19\/10 e volta ap\u00f3s um per\u00edodo de inatividade por conta da pandemia.<\/p>\n\n\n\n<p>As inscri\u00e7\u00f5es est\u00e3o abertas e s\u00e3o feitas por telefone&nbsp;<a href=\"tel:(21) 2634-0791\">(21) 2634-0791<\/a>&nbsp;ou email&nbsp;<a href=\"mailto:bikenight.esportemarica@gmail.com\">bikenight.esportemarica@gmail.com<\/a>, informando o nome completo, endere\u00e7o, telefone e e-mail.<\/p>\n\n\n\n<p>Os 100 primeiros inscritos ganhar\u00e3o uma camisa do evento e todos participar\u00e3o do sorteio de brindes cedidos pelos comerciantes parceiros da cidade. \u00c9 imprescind\u00edvel que os participantes usem m\u00e1scara e higienizem constantemente as m\u00e3os com \u00e1lcool gel.<\/p>\n\n\n\n<p><strong>Concentra\u00e7\u00e3o na pra\u00e7a<\/strong><\/p>\n\n\n\n<p>A concentra\u00e7\u00e3o come\u00e7ar\u00e1 \u00e0s 18h30, em frente \u00e0 esta\u00e7\u00e3o das bicicletas vermelhinhas, na Pra\u00e7a Orlando de Barros Pimentel, no Centro. De l\u00e1, os participantes seguem pela Rua \u00c1lvares de Castro em dire\u00e7\u00e3o a Ara\u00e7atiba, percorrem a orla do bairro e retornam para a pra\u00e7a central.<\/p>\n\n\n\n<p><strong>Bike Night<\/strong><\/p>\n\n\n\n<p>Realizado desde 2018, o Bike Night \u00e9 um passeio cicl\u00edstico noturno que tem como intuito incentivar a pr\u00e1tica de atividade f\u00edsica e de lazer. A iniciativa \u00e9 aberta para todas as idades, lembrando que crian\u00e7as e adolescentes devem estar acompanhados do respons\u00e1vel.<\/p>\n","protected":false},"excerpt":{"rendered":"<p>A Prefeitura de Maric\u00e1, por meio da Secretaria de Esporte e Lazer, realiza a primeira edi\u00e7\u00e3o do ano do Bike<\/p>\n","protected":false},"author":1,"featured_media":29438,"comment_status":"open","ping_status":"open","sticky":false,"template":"","format":"standard","meta":{"colormag_page_container_layout":"default_layout","colormag_page_sidebar_layout":"default_layout","footnotes":""},"categories":[18],"tags":[],"class_list":["post-29437","post","type-post","status-publish","format-standard","has-post-thumbnail","hentry","category-entretenimento"],"amp_enabled":true,"_links":{"self":[{"href":"https:\/\/maricatotal.com.br\/site\/wp-json\/wp\/v2\/posts\/29437","targetHints":{"allow":["GET"]}}],"collection":[{"href":"https:\/\/maricatotal.com.br\/site\/wp-json\/wp\/v2\/posts"}],"about":[{"href":"https:\/\/maricatotal.com.br\/site\/wp-json\/wp\/v2\/types\/post"}],"author":[{"embeddable":true,"href":"https:\/\/maricatotal.com.br\/site\/wp-json\/wp\/v2\/users\/1"}],"replies":[{"embeddable":true,"href":"https:\/\/maricatotal.com.br\/site\/wp-json\/wp\/v2\/comments?post=29437"}],"version-history":[{"count":1,"href":"https:\/\/maricatotal.com.br\/site\/wp-json\/wp\/v2\/posts\/29437\/revisions"}],"predecessor-version":[{"id":29439,"href":"https:\/\/maricatotal.com.br\/site\/wp-json\/wp\/v2\/posts\/29437\/revisions\/29439"}],"wp:featuredmedia":[{"embeddable":true,"href":"https:\/\/maricatotal.com.br\/site\/wp-json\/wp\/v2\/media\/29438"}],"wp:attachment":[{"href":"https:\/\/maricatotal.com.br\/site\/wp-json\/wp\/v2\/media?parent=29437"}],"wp:term":[{"taxonomy":"category","embeddable":true,"href":"https:\/\/maricatotal.com.br\/site\/wp-json\/wp\/v2\/categories?post=29437"},{"taxonomy":"post_tag","embeddable":true,"href":"https:\/\/maricatotal.com.br\/site\/wp-json\/wp\/v2\/tags?post=29437"}],"curies":[{"name":"wp","href":"https:\/\/api.w.org\/{rel}","templated":true}]}}