{"id":29495,"date":"2021-10-07T15:04:04","date_gmt":"2021-10-07T18:04:04","guid":{"rendered":"https:\/\/maricatotal.com.br\/site\/?p=29495"},"modified":"2021-10-07T15:09:14","modified_gmt":"2021-10-07T18:09:14","slug":"fabiano-horta-confirma-prorrogacao-do-pat-ate-dezembro-de-2021","status":"publish","type":"post","link":"https:\/\/maricatotal.com.br\/site\/2021\/10\/07\/fabiano-horta-confirma-prorrogacao-do-pat-ate-dezembro-de-2021\/","title":{"rendered":"Fabiano Horta confirma prorroga\u00e7\u00e3o do PAT at\u00e9 dezembro de 2021"},"content":{"rendered":"\n<p>O prefeito de Maric\u00e1, Fabiano Horta (PT), confirmou atrav\u00e9s das redes sociais a prorroga\u00e7\u00e3o do Programa de Amparo ao Trabalhador (PAT) at\u00e9 dezembro de 2021.&nbsp;<\/p>\n\n\n\n<p>\u201cInformo a popula\u00e7\u00e3o de Maric\u00e1 que enviei \u00e0 C\u00e2mara a solicita\u00e7\u00e3o para a prorroga\u00e7\u00e3o do Programa de Amparo ao Trabalhador (PAT), at\u00e9 o m\u00eas dezembro de 2021. Vamos seguir juntos superando as dificuldades ainda impostas por essa pandemia!\u201d, concluiu o pol\u00edtico.\u00a0<\/p>\n\n\n\n<p>Devido a pandemia da Covid-19, 18 parcelas do benef\u00edcio foram depositadas para mais de 20 mil maricaenses, profissionais informais. No in\u00edcio, o valor do benef\u00edcio era de R$ 1.045 (convertidos em mumbuca), sendo reduzido em agosto deste ano para R$ 600.\u00a0<\/p>\n\n\n\n<p>A popula\u00e7\u00e3o maricaense vinha realizando diversos pedidos para a prorroga\u00e7\u00e3o do benef\u00edcio novamente.\u00a0\u00a0<\/p>\n","protected":false},"excerpt":{"rendered":"<p>O prefeito de Maric\u00e1, Fabiano Horta (PT), confirmou atrav\u00e9s das redes sociais a prorroga\u00e7\u00e3o do Programa de Amparo ao Trabalhador<\/p>\n","protected":false},"author":1,"featured_media":29496,"comment_status":"open","ping_status":"open","sticky":false,"template":"","format":"standard","meta":{"colormag_page_container_layout":"default_layout","colormag_page_sidebar_layout":"default_layout","footnotes":""},"categories":[17],"tags":[],"class_list":["post-29495","post","type-post","status-publish","format-standard","has-post-thumbnail","hentry","category-politica"],"amp_enabled":true,"_links":{"self":[{"href":"https:\/\/maricatotal.com.br\/site\/wp-json\/wp\/v2\/posts\/29495","targetHints":{"allow":["GET"]}}],"collection":[{"href":"https:\/\/maricatotal.com.br\/site\/wp-json\/wp\/v2\/posts"}],"about":[{"href":"https:\/\/maricatotal.com.br\/site\/wp-json\/wp\/v2\/types\/post"}],"author":[{"embeddable":true,"href":"https:\/\/maricatotal.com.br\/site\/wp-json\/wp\/v2\/users\/1"}],"replies":[{"embeddable":true,"href":"https:\/\/maricatotal.com.br\/site\/wp-json\/wp\/v2\/comments?post=29495"}],"version-history":[{"count":4,"href":"https:\/\/maricatotal.com.br\/site\/wp-json\/wp\/v2\/posts\/29495\/revisions"}],"predecessor-version":[{"id":29500,"href":"https:\/\/maricatotal.com.br\/site\/wp-json\/wp\/v2\/posts\/29495\/revisions\/29500"}],"wp:featuredmedia":[{"embeddable":true,"href":"https:\/\/maricatotal.com.br\/site\/wp-json\/wp\/v2\/media\/29496"}],"wp:attachment":[{"href":"https:\/\/maricatotal.com.br\/site\/wp-json\/wp\/v2\/media?parent=29495"}],"wp:term":[{"taxonomy":"category","embeddable":true,"href":"https:\/\/maricatotal.com.br\/site\/wp-json\/wp\/v2\/categories?post=29495"},{"taxonomy":"post_tag","embeddable":true,"href":"https:\/\/maricatotal.com.br\/site\/wp-json\/wp\/v2\/tags?post=29495"}],"curies":[{"name":"wp","href":"https:\/\/api.w.org\/{rel}","templated":true}]}}