{"id":29636,"date":"2021-10-13T12:48:32","date_gmt":"2021-10-13T15:48:32","guid":{"rendered":"https:\/\/maricatotal.com.br\/site\/?p=29636"},"modified":"2021-10-13T12:50:11","modified_gmt":"2021-10-13T15:50:11","slug":"marica-projeto-de-lei-segue-sem-ser-aprovado-pelo-prefeito-e-supermercados-continuam-cobrando-por-sacolas-plasticas","status":"publish","type":"post","link":"https:\/\/maricatotal.com.br\/site\/2021\/10\/13\/marica-projeto-de-lei-segue-sem-ser-aprovado-pelo-prefeito-e-supermercados-continuam-cobrando-por-sacolas-plasticas\/","title":{"rendered":"Maric\u00e1: Projeto de Lei segue sem ser aprovado pelo prefeito, e Supermercados continuam cobrando por sacolas pl\u00e1sticas"},"content":{"rendered":"\n<p>Supermercados do munic\u00edpio de Maric\u00e1 seguem cobrando por sacolas pl\u00e1sticas, algo que revoltou populares neste feriad\u00e3o de Dia das Crian\u00e7as.<\/p>\n\n\n\n<p>O Projeto de Lei que pro\u00edbe a comercializa\u00e7\u00e3o de sacolas pl\u00e1sticas ou\u00a0\u00a0biodegrad\u00e1veis, direcionado pelo vereador Aldair de Linda (PT), aprovado na C\u00e2mara Municipal de Maric\u00e1, ainda n\u00e3o foi aprovado pelo prefeito Fabiano Horta (PT).<\/p>\n\n\n\n<p>\u201cA popula\u00e7\u00e3o estava pensando que o projeto j\u00e1 estava em vigor, por isso questionamos v\u00e1rias vezes.\u201d, relatou uma cliente que n\u00e3o saiba que o projeto ainda n\u00e3o foi aprovado pelo prefeito.<\/p>\n\n\n\n<p>O prefeito Fabiano Horta (PT) j\u00e1 est\u00e1 ciente do acontecimento e ir\u00e1 sancionar o projeto.&nbsp;<\/p>\n","protected":false},"excerpt":{"rendered":"<p>Supermercados do munic\u00edpio de Maric\u00e1 seguem cobrando por sacolas pl\u00e1sticas, algo que revoltou populares neste feriad\u00e3o de Dia das Crian\u00e7as.<\/p>\n","protected":false},"author":1,"featured_media":29634,"comment_status":"open","ping_status":"open","sticky":false,"template":"","format":"standard","meta":{"colormag_page_container_layout":"default_layout","colormag_page_sidebar_layout":"default_layout","footnotes":""},"categories":[14,17],"tags":[],"class_list":["post-29636","post","type-post","status-publish","format-standard","has-post-thumbnail","hentry","category-bairros","category-politica"],"amp_enabled":true,"_links":{"self":[{"href":"https:\/\/maricatotal.com.br\/site\/wp-json\/wp\/v2\/posts\/29636","targetHints":{"allow":["GET"]}}],"collection":[{"href":"https:\/\/maricatotal.com.br\/site\/wp-json\/wp\/v2\/posts"}],"about":[{"href":"https:\/\/maricatotal.com.br\/site\/wp-json\/wp\/v2\/types\/post"}],"author":[{"embeddable":true,"href":"https:\/\/maricatotal.com.br\/site\/wp-json\/wp\/v2\/users\/1"}],"replies":[{"embeddable":true,"href":"https:\/\/maricatotal.com.br\/site\/wp-json\/wp\/v2\/comments?post=29636"}],"version-history":[{"count":2,"href":"https:\/\/maricatotal.com.br\/site\/wp-json\/wp\/v2\/posts\/29636\/revisions"}],"predecessor-version":[{"id":29638,"href":"https:\/\/maricatotal.com.br\/site\/wp-json\/wp\/v2\/posts\/29636\/revisions\/29638"}],"wp:featuredmedia":[{"embeddable":true,"href":"https:\/\/maricatotal.com.br\/site\/wp-json\/wp\/v2\/media\/29634"}],"wp:attachment":[{"href":"https:\/\/maricatotal.com.br\/site\/wp-json\/wp\/v2\/media?parent=29636"}],"wp:term":[{"taxonomy":"category","embeddable":true,"href":"https:\/\/maricatotal.com.br\/site\/wp-json\/wp\/v2\/categories?post=29636"},{"taxonomy":"post_tag","embeddable":true,"href":"https:\/\/maricatotal.com.br\/site\/wp-json\/wp\/v2\/tags?post=29636"}],"curies":[{"name":"wp","href":"https:\/\/api.w.org\/{rel}","templated":true}]}}