{"id":29702,"date":"2021-10-15T15:05:20","date_gmt":"2021-10-15T18:05:20","guid":{"rendered":"https:\/\/maricatotal.com.br\/site\/?p=29702"},"modified":"2021-10-15T15:05:27","modified_gmt":"2021-10-15T18:05:27","slug":"prefeitura-discute-acoes-do-plano-diretor-de-marica","status":"publish","type":"post","link":"https:\/\/maricatotal.com.br\/site\/2021\/10\/15\/prefeitura-discute-acoes-do-plano-diretor-de-marica\/","title":{"rendered":"Prefeitura discute a\u00e7\u00f5es do Plano Diretor de Maric\u00e1"},"content":{"rendered":"\n<p>A Prefeitura de Maric\u00e1, por meio da Secretaria de Urbanismo, realizou nesta quinta-feira (14\/10) a sexta e \u00faltima reuni\u00e3o do grupo intersetorial sobre o processo de revis\u00e3o do Plano Diretor do munic\u00edpio. Na pauta, foi discutido o \u2018Produto 7\u2019, que trata das estrat\u00e9gias do projeto de lei, com foco no macrozoneamento da cidade.<\/p>\n\n\n\n<p>O encontro ocorreu no audit\u00f3rio da Secretaria de Desenvolvimento Econ\u00f4mico, no Centro, sendo parte presencial e parte online com integrantes do Conselho da Cidade de Maric\u00e1 (Concidade).<\/p>\n\n\n\n<p>No documento, se discute a ocupa\u00e7\u00e3o das \u00e1reas rurais e das que est\u00e3o aptas a serem urbanizadas, a partir de algumas condicionantes, al\u00e9m de instrumentos de pol\u00edtica urbana e planejamento de gest\u00e3o territorial, entre outros temas.<\/p>\n\n\n\n<p>Para o secret\u00e1rio Celso Cabral, o debate serve para discutir as diretrizes da urbaniza\u00e7\u00e3o da cidade.<\/p>\n\n\n\n<p>\u201c\u00c9 desta forma que avaliamos para onde a cidade vai se expandir, como vai crescer e o que devemos preservar. \u00c9 importante a participa\u00e7\u00e3o de todos\u201d, declarou.<\/p>\n\n\n\n<p><strong>Audi\u00eancias p\u00fablicas<\/strong><\/p>\n\n\n\n<p>As reuni\u00f5es foram etapas preparat\u00f3rias para a audi\u00eancia p\u00fablica sobre o Plano Diretor, que acontece de forma virtual nos dias 19, 20 e 21 de outubro, sempre a partir das 18h.<\/p>\n\n\n\n<p><strong>Veja como participar<\/strong><\/p>\n\n\n\n<p>Para divulgar o evento, equipes do Comit\u00ea de Defesa dos Bairros (CDB) circulam pelas ruas do centro distribuindo panfletos (com um QR Code para quem quiser participar) e explicando a fun\u00e7\u00e3o e a import\u00e2ncia do Plano Diretor. O grupo fica at\u00e9 esta sexta-feira (15) na Pra\u00e7a Conselheiro Macedo Soares, no Centro.<\/p>\n\n\n\n<p>\u201cA cidade est\u00e1 bem organizada, por mim n\u00e3o precisaria mudar. Mas \u00e9 sempre bom debater\u201d, avaliou Jos\u00e9 L\u00facio Gomes dos Santos, nascido e criado na cidade h\u00e1 79 anos, que conversou com os agentes ao passar pelo Largo C\u00f4nego Batalha, no Centro.<\/p>\n\n\n\n<p>J\u00e1 a atendente de farm\u00e1cia Amanda Borges, de 22 anos, admitiu que precisa se informar sobre como o plano funciona. \u201cHonestamente n\u00e3o estou muito por dentro, mas vou me inteirar melhor\u201d, prometeu.<\/p>\n","protected":false},"excerpt":{"rendered":"<p>A Prefeitura de Maric\u00e1, por meio da Secretaria de Urbanismo, realizou nesta quinta-feira (14\/10) a sexta e \u00faltima reuni\u00e3o do<\/p>\n","protected":false},"author":1,"featured_media":29703,"comment_status":"open","ping_status":"open","sticky":false,"template":"","format":"standard","meta":{"colormag_page_container_layout":"default_layout","colormag_page_sidebar_layout":"default_layout","footnotes":""},"categories":[17],"tags":[],"class_list":["post-29702","post","type-post","status-publish","format-standard","has-post-thumbnail","hentry","category-politica"],"amp_enabled":true,"_links":{"self":[{"href":"https:\/\/maricatotal.com.br\/site\/wp-json\/wp\/v2\/posts\/29702","targetHints":{"allow":["GET"]}}],"collection":[{"href":"https:\/\/maricatotal.com.br\/site\/wp-json\/wp\/v2\/posts"}],"about":[{"href":"https:\/\/maricatotal.com.br\/site\/wp-json\/wp\/v2\/types\/post"}],"author":[{"embeddable":true,"href":"https:\/\/maricatotal.com.br\/site\/wp-json\/wp\/v2\/users\/1"}],"replies":[{"embeddable":true,"href":"https:\/\/maricatotal.com.br\/site\/wp-json\/wp\/v2\/comments?post=29702"}],"version-history":[{"count":1,"href":"https:\/\/maricatotal.com.br\/site\/wp-json\/wp\/v2\/posts\/29702\/revisions"}],"predecessor-version":[{"id":29704,"href":"https:\/\/maricatotal.com.br\/site\/wp-json\/wp\/v2\/posts\/29702\/revisions\/29704"}],"wp:featuredmedia":[{"embeddable":true,"href":"https:\/\/maricatotal.com.br\/site\/wp-json\/wp\/v2\/media\/29703"}],"wp:attachment":[{"href":"https:\/\/maricatotal.com.br\/site\/wp-json\/wp\/v2\/media?parent=29702"}],"wp:term":[{"taxonomy":"category","embeddable":true,"href":"https:\/\/maricatotal.com.br\/site\/wp-json\/wp\/v2\/categories?post=29702"},{"taxonomy":"post_tag","embeddable":true,"href":"https:\/\/maricatotal.com.br\/site\/wp-json\/wp\/v2\/tags?post=29702"}],"curies":[{"name":"wp","href":"https:\/\/api.w.org\/{rel}","templated":true}]}}