{"id":29709,"date":"2021-10-15T16:36:34","date_gmt":"2021-10-15T19:36:34","guid":{"rendered":"https:\/\/maricatotal.com.br\/site\/?p=29709"},"modified":"2021-10-15T16:36:35","modified_gmt":"2021-10-15T19:36:35","slug":"marica-sem-luz-comerciantes-do-shopping-center-i-reclamam-na-demora-da-manutencao-da-enel-em-transformador","status":"publish","type":"post","link":"https:\/\/maricatotal.com.br\/site\/2021\/10\/15\/marica-sem-luz-comerciantes-do-shopping-center-i-reclamam-na-demora-da-manutencao-da-enel-em-transformador\/","title":{"rendered":"Maric\u00e1: Sem luz, comerciantes do Shopping Center I reclamam na demora da manuten\u00e7\u00e3o da Enel em transformador"},"content":{"rendered":"\n<p>V\u00e1rios comerciantes do Shopping Center 1, em Maric\u00e1, seguem sem luz desde a \u00faltima quinta-feira (14).<\/p>\n\n\n\n<p>Os populares afirmam que a Enel se prontificou a mandar uma equipe para realizar a manuten\u00e7\u00e3o da rede no local, mas at\u00e9 esta tarde nada foi resolvido.&nbsp;<\/p>\n\n\n\n<p>\u201cEstamos sem luz desde ontem e a Enel nada. V\u00e1rios comerciantes ligaram mas n\u00e3o podemos fazer nada. Prometeram que at\u00e9 as 15h estaria normalizado. Os clientes n\u00e3o conseguem entrar na loja devido ao calor\u201d, relatou um comerciante.&nbsp;<\/p>\n\n\n\n<p>Os comerciantes esperam que o problema seja resolvido at\u00e9 o fim desta tarde.&nbsp;<\/p>\n","protected":false},"excerpt":{"rendered":"<p>V\u00e1rios comerciantes do Shopping Center 1, em Maric\u00e1, seguem sem luz desde a \u00faltima quinta-feira (14). Os populares afirmam que<\/p>\n","protected":false},"author":1,"featured_media":29707,"comment_status":"open","ping_status":"open","sticky":false,"template":"","format":"standard","meta":{"colormag_page_container_layout":"default_layout","colormag_page_sidebar_layout":"default_layout","footnotes":""},"categories":[14],"tags":[],"class_list":["post-29709","post","type-post","status-publish","format-standard","has-post-thumbnail","hentry","category-bairros"],"amp_enabled":true,"_links":{"self":[{"href":"https:\/\/maricatotal.com.br\/site\/wp-json\/wp\/v2\/posts\/29709","targetHints":{"allow":["GET"]}}],"collection":[{"href":"https:\/\/maricatotal.com.br\/site\/wp-json\/wp\/v2\/posts"}],"about":[{"href":"https:\/\/maricatotal.com.br\/site\/wp-json\/wp\/v2\/types\/post"}],"author":[{"embeddable":true,"href":"https:\/\/maricatotal.com.br\/site\/wp-json\/wp\/v2\/users\/1"}],"replies":[{"embeddable":true,"href":"https:\/\/maricatotal.com.br\/site\/wp-json\/wp\/v2\/comments?post=29709"}],"version-history":[{"count":1,"href":"https:\/\/maricatotal.com.br\/site\/wp-json\/wp\/v2\/posts\/29709\/revisions"}],"predecessor-version":[{"id":29710,"href":"https:\/\/maricatotal.com.br\/site\/wp-json\/wp\/v2\/posts\/29709\/revisions\/29710"}],"wp:featuredmedia":[{"embeddable":true,"href":"https:\/\/maricatotal.com.br\/site\/wp-json\/wp\/v2\/media\/29707"}],"wp:attachment":[{"href":"https:\/\/maricatotal.com.br\/site\/wp-json\/wp\/v2\/media?parent=29709"}],"wp:term":[{"taxonomy":"category","embeddable":true,"href":"https:\/\/maricatotal.com.br\/site\/wp-json\/wp\/v2\/categories?post=29709"},{"taxonomy":"post_tag","embeddable":true,"href":"https:\/\/maricatotal.com.br\/site\/wp-json\/wp\/v2\/tags?post=29709"}],"curies":[{"name":"wp","href":"https:\/\/api.w.org\/{rel}","templated":true}]}}