{"id":29711,"date":"2021-10-15T19:10:54","date_gmt":"2021-10-15T22:10:54","guid":{"rendered":"https:\/\/maricatotal.com.br\/site\/?p=29711"},"modified":"2021-10-15T19:17:33","modified_gmt":"2021-10-15T22:17:33","slug":"homens-sao-detidos-com-moto-roubada-em-acao-conjunta-da-guarda-municipal-seop-e-proeis-em-ponta-negra","status":"publish","type":"post","link":"https:\/\/maricatotal.com.br\/site\/2021\/10\/15\/homens-sao-detidos-com-moto-roubada-em-acao-conjunta-da-guarda-municipal-seop-e-proeis-em-ponta-negra\/","title":{"rendered":"Homens s\u00e3o detidos com moto roubada em a\u00e7\u00e3o conjunta da Guarda Municipal, SEOP e PROEIS em Ponta Negra"},"content":{"rendered":"\n<p>Uma a\u00e7\u00e3o conjunta entre a Guarda Municipal, Secretaria de Ordem P\u00fablica (SEOP) e Programa Estadual de Integra\u00e7\u00e3o na Seguran\u00e7a (PROEIS) deteve dois homens com uma moto roubada, em Ponta Negra, Maric\u00e1, no fim da tarde desta sexta-feira (15).<\/p>\n\n\n\n<p>Segundo informa\u00e7\u00f5es, agentes da SEOP realizavam um monitoramento quando suspeitaram da motocicleta.&nbsp;<\/p>\n\n\n\n<p>Guardas municipais foram acionados e conseguiram identificar a moto no Farol de Ponta Negra.<\/p>\n\n\n\n<p>Policiais do PROEIS foram acionados para prestar apoio aos guardas na a\u00e7\u00e3o, que terminou com os dois homens detidos ap\u00f3s um levantamento que constatou que o ve\u00edculo era fruto de roubo.<\/p>\n\n\n\n<p>Os homens foram encaminhados para a 82\u00aa DP (Maric\u00e1), junto \u00e0 moto apreendida.\u00a0<\/p>\n\n\n\n<p>Um dos envolvidos ir\u00e1 responder pelo crime de recepta\u00e7\u00e3o e ser\u00e1 liberado.\u00a0<\/p>\n","protected":false},"excerpt":{"rendered":"<p>Uma a\u00e7\u00e3o conjunta entre a Guarda Municipal, Secretaria de Ordem P\u00fablica (SEOP) e Programa Estadual de Integra\u00e7\u00e3o na Seguran\u00e7a (PROEIS)<\/p>\n","protected":false},"author":1,"featured_media":29712,"comment_status":"open","ping_status":"open","sticky":false,"template":"","format":"standard","meta":{"colormag_page_container_layout":"default_layout","colormag_page_sidebar_layout":"default_layout","footnotes":""},"categories":[1],"tags":[],"class_list":["post-29711","post","type-post","status-publish","format-standard","has-post-thumbnail","hentry","category-noticias"],"amp_enabled":true,"_links":{"self":[{"href":"https:\/\/maricatotal.com.br\/site\/wp-json\/wp\/v2\/posts\/29711","targetHints":{"allow":["GET"]}}],"collection":[{"href":"https:\/\/maricatotal.com.br\/site\/wp-json\/wp\/v2\/posts"}],"about":[{"href":"https:\/\/maricatotal.com.br\/site\/wp-json\/wp\/v2\/types\/post"}],"author":[{"embeddable":true,"href":"https:\/\/maricatotal.com.br\/site\/wp-json\/wp\/v2\/users\/1"}],"replies":[{"embeddable":true,"href":"https:\/\/maricatotal.com.br\/site\/wp-json\/wp\/v2\/comments?post=29711"}],"version-history":[{"count":2,"href":"https:\/\/maricatotal.com.br\/site\/wp-json\/wp\/v2\/posts\/29711\/revisions"}],"predecessor-version":[{"id":29715,"href":"https:\/\/maricatotal.com.br\/site\/wp-json\/wp\/v2\/posts\/29711\/revisions\/29715"}],"wp:featuredmedia":[{"embeddable":true,"href":"https:\/\/maricatotal.com.br\/site\/wp-json\/wp\/v2\/media\/29712"}],"wp:attachment":[{"href":"https:\/\/maricatotal.com.br\/site\/wp-json\/wp\/v2\/media?parent=29711"}],"wp:term":[{"taxonomy":"category","embeddable":true,"href":"https:\/\/maricatotal.com.br\/site\/wp-json\/wp\/v2\/categories?post=29711"},{"taxonomy":"post_tag","embeddable":true,"href":"https:\/\/maricatotal.com.br\/site\/wp-json\/wp\/v2\/tags?post=29711"}],"curies":[{"name":"wp","href":"https:\/\/api.w.org\/{rel}","templated":true}]}}