{"id":29958,"date":"2021-10-22T20:59:07","date_gmt":"2021-10-22T23:59:07","guid":{"rendered":"https:\/\/maricatotal.com.br\/site\/?p=29958"},"modified":"2021-10-22T20:59:08","modified_gmt":"2021-10-22T23:59:08","slug":"expo-marica-2021-ja-tem-data-e-vai-reunir-empresas-e-empreendedores-de-diversas-areas","status":"publish","type":"post","link":"https:\/\/maricatotal.com.br\/site\/2021\/10\/22\/expo-marica-2021-ja-tem-data-e-vai-reunir-empresas-e-empreendedores-de-diversas-areas\/","title":{"rendered":"EXPO Maric\u00e1 2021 j\u00e1 tem data e vai reunir empresas e empreendedores de diversas \u00e1reas"},"content":{"rendered":"\n<p>Sem d\u00favidas, o mercado de eventos e feiras de neg\u00f3cios foi um dos mais afetados pela pandemia. Pensando na retomada gradual das atividades e na colabora\u00e7\u00e3o entre diferentes atores de setores produtivos e comerciais da regi\u00e3o, a 13\u00aa edi\u00e7\u00e3o da EXPO Maric\u00e1 tem data definida, um novo formato e um papel estrat\u00e9gico tanto para os empres\u00e1rios e empreendedores locais quanto para o p\u00fablico consumidor.<\/p>\n\n\n\n<p>Iniciada em 2004, a EXPO MARIC\u00c1 \u00e9 reconhecida como um dos maiores projetos empresariais da regi\u00e3o. Sua import\u00e2ncia n\u00e3o se d\u00e1 apenas pela abrang\u00eancia de p\u00fablico e o potencial de neg\u00f3cios, mas, principalmente, pela qualidade e volume de informa\u00e7\u00f5es sobre os caminhos do desenvolvimento regional e da atra\u00e7\u00e3o de neg\u00f3cios.<\/p>\n\n\n\n<p>Em 2021, atrav\u00e9s de parceria com a Prefeitura de Maric\u00e1 e com a Companhia de Desenvolvimento de Maric\u00e1, a CODEMAR, a EXPO Maric\u00e1 \u2013 Integra\u00e7\u00e3o e Empreendedorismo &#8211; retorna com um novo formato focada em Com\u00e9rcio, Turismo, Servi\u00e7os, Neg\u00f3cios e Constru\u00e7\u00e3o Civil.<\/p>\n\n\n\n<p>\u201cA EXPO Maric\u00e1, historicamente, tem ajudado a direcionar os caminhos do desenvolvimento da cidade. Nela, conseguimos mostrar Maric\u00e1 para visitantes n\u00e3o s\u00f3 regionais, mas de todo o pa\u00eds e o mundo. O montante de neg\u00f3cios gerados durante as edi\u00e7\u00f5es do evento fala por si s\u00f3 e reflete a import\u00e2ncia de retomarmos a iniciativa\u201d, analisou Delfim Moreira, criador e diretor da EXPO Maric\u00e1.<\/p>\n\n\n\n<p><strong>Nova estrutura e novo formato<\/strong><\/p>\n\n\n\n<p>A principal mudan\u00e7a para a edi\u00e7\u00e3o da EXPO Maric\u00e1 em 2021 ser\u00e1 a descentraliza\u00e7\u00e3o. Ao inv\u00e9s de acontecer em um \u00fanico local, como tradicionalmente acontece, neste ano ser\u00e3o tr\u00eas espa\u00e7os em tr\u00eas pontos da cidade diferentes. A ideia \u00e9 evitar a aglomera\u00e7\u00e3o de pessoas \u2013 visando a biosseguran\u00e7a por conta da Covid-19 \u2013 e dar a oportunidade do empresariado local de integrar ainda mais ao evento.<\/p>\n\n\n\n<p>Durante a EXPO Maric\u00e1 tamb\u00e9m haver\u00e1 a promo\u00e7\u00e3o do com\u00e9rcio local atrav\u00e9s de uma a\u00e7\u00e3o nos pr\u00f3prios pontos de vendas, al\u00e9m de divulga\u00e7\u00e3o atrav\u00e9s do aplicativo Maric\u00e1 Oficial que pode ser baixado gratuitamente nas plataformas para Android e Apple.<\/p>\n\n\n\n<p>Entre os dias 18 e 20 de novembro, a EXPO Maric\u00e1 acontece, simultaneamente, em Ponta Negra e Itaipua\u00e7u. Dois espa\u00e7os ser\u00e3o montados em cada um dos pontos para que o empresariado local tenha a oportunidade de apresentar seu neg\u00f3cio na feira.<\/p>\n\n\n\n<p>J\u00e1 entre os dias 25 e 28 de novembro, um grande espa\u00e7o de exposi\u00e7\u00e3o e eventos ser\u00e1 disponibilizado no estacionamento do shopping Boulevard, no Centro de Maric\u00e1, com amplos audit\u00f3rios e stands para Expo Neg\u00f3cios e Conhecimento que acontecer\u00e1 de quinta \u00e0 s\u00e1bado, a Expo Maric\u00e1 \u2013 Espa\u00e7o Kids, no domingo (28).<\/p>\n\n\n\n<p>O novo formato pretende aliar um espa\u00e7o f\u00edsico empresarial a uma \u00e1rea de conhecimento com audit\u00f3rios, al\u00e9m de a\u00e7\u00f5es de vendas dos estabelecimentos participantes.<\/p>\n\n\n\n<p>\u201cNos pavilh\u00f5es e na plataforma online ser\u00e1 demonstrada a verdadeira integra\u00e7\u00e3o entre os empreendedores e parceiros focados nas diferentes \u00e1reas como petr\u00f3leo e g\u00e1s, empreendimentos imobili\u00e1rios, neg\u00f3cios diversos e fomento ao empreendedorismo\u201d, adiantou o empres\u00e1rio Paulo Louvise, da Promix, organizadora da Expo Maric\u00e1 2021.<\/p>\n\n\n\n<p>O mix da Expo Maric\u00e1 2021 inclui constru\u00e7\u00e3o civil, empresas do setor de offshore e onshore, educa\u00e7\u00e3o, energia, presta\u00e7\u00e3o de servi\u00e7os e apresenta\u00e7\u00e3o do com\u00e9rcio local em suas diversas vertentes.<\/p>\n\n\n\n<p><strong>Informa\u00e7\u00f5es relevantes:<\/strong><\/p>\n\n\n\n<p><strong>Quer ser um expositor?<\/strong><\/p>\n\n\n\n<p>Contatos:<\/p>\n\n\n\n<p>Telefone: (21) 2052-5473<\/p>\n\n\n\n<p>E-mail:&nbsp;<a href=\"mailto:contato@expomarica.com.br\">contato@expomarica.com.br<\/a><\/p>\n\n\n\n<p><strong>Informa\u00e7\u00f5es sobre stands<\/strong>: www.expomarica.com.br<\/p>\n\n\n\n<p>Endere\u00e7o: Av. Roberto da Silveira, n\u00ba 142 \u2013 Lt 11 \u2013 Sala 505 | Centro, Maric\u00e1 \u2013 RJ<\/p>\n\n\n\n<p><strong>Lan\u00e7amento da Expo Maric\u00e1<\/strong><\/p>\n\n\n\n<p>Data: 28\/10<\/p>\n\n\n\n<p>Hora: 18h<\/p>\n\n\n\n<p>Local: Boulevard Maric\u00e1 (Centro)<\/p>\n\n\n\n<p><strong>EXPO MARIC\u00c1 2021 (Centro Maric\u00e1)<\/strong><\/p>\n\n\n\n<p>In\u00edcio: 25\/11\/21<\/p>\n\n\n\n<p>T\u00e9rmino: 28\/11\/21<\/p>\n\n\n\n<p>Hor\u00e1rio: 14h \u00e0s 23h<\/p>\n\n\n\n<p>Local: Estacionamento do Shopping Boulevard Maric\u00e1 \u2013 Rua Ver. Luiz Ant\u00f4nio da Cunha 35, qd. AREA \u2013 Lote 0A \u2013 Centro Maric\u00e1\/RJ<\/p>\n\n\n\n<p><strong>EXPO MARIC\u00c1 2021 \u2013 (Ponta Negra)<\/strong><\/p>\n\n\n\n<p>In\u00edcio: 18\/11\/21<\/p>\n\n\n\n<p>T\u00e9rmino: 20\/11\/21<\/p>\n\n\n\n<p>Hor\u00e1rio: 14h \u00e0s 22h<\/p>\n\n\n\n<p>Local: Pousada Recanto das \u00c1guas &#8211; Rua Ant\u00f4nio Carlos Jobim, n\u00ba 5 &#8211; Ponta Negra &#8211; Maric\u00e1<\/p>\n\n\n\n<p><strong>EXPO MARIC\u00c1 2021 \u2013 (Itaipua\u00e7u)<\/strong><\/p>\n\n\n\n<p>In\u00edcio: 18\/11\/21<\/p>\n\n\n\n<p>T\u00e9rmino: 20\/11\/21<\/p>\n\n\n\n<p>Hor\u00e1rio: 14h \u00e0s 22h<\/p>\n\n\n\n<p>Local: Curso CNA Escola de Idiomas &#8211; Rua Ismael Lucindo da Silva, n\u00ba 878 &#8211; Barroco &#8211; Maric\u00e1<\/p>\n","protected":false},"excerpt":{"rendered":"<p>Sem d\u00favidas, o mercado de eventos e feiras de neg\u00f3cios foi um dos mais afetados pela pandemia. Pensando na retomada<\/p>\n","protected":false},"author":1,"featured_media":29959,"comment_status":"open","ping_status":"open","sticky":false,"template":"","format":"standard","meta":{"colormag_page_container_layout":"default_layout","colormag_page_sidebar_layout":"default_layout","footnotes":""},"categories":[18],"tags":[],"class_list":["post-29958","post","type-post","status-publish","format-standard","has-post-thumbnail","hentry","category-entretenimento"],"amp_enabled":true,"_links":{"self":[{"href":"https:\/\/maricatotal.com.br\/site\/wp-json\/wp\/v2\/posts\/29958","targetHints":{"allow":["GET"]}}],"collection":[{"href":"https:\/\/maricatotal.com.br\/site\/wp-json\/wp\/v2\/posts"}],"about":[{"href":"https:\/\/maricatotal.com.br\/site\/wp-json\/wp\/v2\/types\/post"}],"author":[{"embeddable":true,"href":"https:\/\/maricatotal.com.br\/site\/wp-json\/wp\/v2\/users\/1"}],"replies":[{"embeddable":true,"href":"https:\/\/maricatotal.com.br\/site\/wp-json\/wp\/v2\/comments?post=29958"}],"version-history":[{"count":1,"href":"https:\/\/maricatotal.com.br\/site\/wp-json\/wp\/v2\/posts\/29958\/revisions"}],"predecessor-version":[{"id":29960,"href":"https:\/\/maricatotal.com.br\/site\/wp-json\/wp\/v2\/posts\/29958\/revisions\/29960"}],"wp:featuredmedia":[{"embeddable":true,"href":"https:\/\/maricatotal.com.br\/site\/wp-json\/wp\/v2\/media\/29959"}],"wp:attachment":[{"href":"https:\/\/maricatotal.com.br\/site\/wp-json\/wp\/v2\/media?parent=29958"}],"wp:term":[{"taxonomy":"category","embeddable":true,"href":"https:\/\/maricatotal.com.br\/site\/wp-json\/wp\/v2\/categories?post=29958"},{"taxonomy":"post_tag","embeddable":true,"href":"https:\/\/maricatotal.com.br\/site\/wp-json\/wp\/v2\/tags?post=29958"}],"curies":[{"name":"wp","href":"https:\/\/api.w.org\/{rel}","templated":true}]}}