{"id":30036,"date":"2021-10-25T22:23:38","date_gmt":"2021-10-26T01:23:38","guid":{"rendered":"https:\/\/maricatotal.com.br\/site\/?p=30036"},"modified":"2021-10-25T22:25:41","modified_gmt":"2021-10-26T01:25:41","slug":"pm-prende-jovem-acusado-de-atear-fogo-em-irmaos-em-cordeirinho-menor-teria-cometido-crime-por-ma-relacao-com-padrasto","status":"publish","type":"post","link":"https:\/\/maricatotal.com.br\/site\/2021\/10\/25\/pm-prende-jovem-acusado-de-atear-fogo-em-irmaos-em-cordeirinho-menor-teria-cometido-crime-por-ma-relacao-com-padrasto\/","title":{"rendered":"PM prende jovem acusado de atear fogo em irm\u00e3os em Cordeirinho; menor teria cometido crime por m\u00e1 rela\u00e7\u00e3o com padrasto"},"content":{"rendered":"\n<p>A Pol\u00edcia Militar prendeu um adolescente acusado de atear fogo nos irm\u00e3os, em Cordeirinho, Maric\u00e1, na noite desta segunda-feira (25).<\/p>\n\n\n\n<p>Segundo informa\u00e7\u00f5es, policiais montaram um cerco e conseguiram prender o menor na altura da Rua 119.<\/p>\n\n\n\n<p>Devido a m\u00e1 rela\u00e7\u00e3o com o padrasto, o jovem teria cometido o crime. <\/p>\n\n\n\n<p>O adolescente foi encaminhado para a 82\u00aa DP (Maric\u00e1). <\/p>\n\n\n\n<p><\/p>\n","protected":false},"excerpt":{"rendered":"<p>A Pol\u00edcia Militar prendeu um adolescente acusado de atear fogo nos irm\u00e3os, em Cordeirinho, Maric\u00e1, na noite desta segunda-feira (25).<\/p>\n","protected":false},"author":1,"featured_media":29817,"comment_status":"open","ping_status":"open","sticky":false,"template":"","format":"standard","meta":{"colormag_page_container_layout":"default_layout","colormag_page_sidebar_layout":"default_layout","footnotes":""},"categories":[1],"tags":[],"class_list":["post-30036","post","type-post","status-publish","format-standard","has-post-thumbnail","hentry","category-noticias"],"amp_enabled":true,"_links":{"self":[{"href":"https:\/\/maricatotal.com.br\/site\/wp-json\/wp\/v2\/posts\/30036","targetHints":{"allow":["GET"]}}],"collection":[{"href":"https:\/\/maricatotal.com.br\/site\/wp-json\/wp\/v2\/posts"}],"about":[{"href":"https:\/\/maricatotal.com.br\/site\/wp-json\/wp\/v2\/types\/post"}],"author":[{"embeddable":true,"href":"https:\/\/maricatotal.com.br\/site\/wp-json\/wp\/v2\/users\/1"}],"replies":[{"embeddable":true,"href":"https:\/\/maricatotal.com.br\/site\/wp-json\/wp\/v2\/comments?post=30036"}],"version-history":[{"count":2,"href":"https:\/\/maricatotal.com.br\/site\/wp-json\/wp\/v2\/posts\/30036\/revisions"}],"predecessor-version":[{"id":30040,"href":"https:\/\/maricatotal.com.br\/site\/wp-json\/wp\/v2\/posts\/30036\/revisions\/30040"}],"wp:featuredmedia":[{"embeddable":true,"href":"https:\/\/maricatotal.com.br\/site\/wp-json\/wp\/v2\/media\/29817"}],"wp:attachment":[{"href":"https:\/\/maricatotal.com.br\/site\/wp-json\/wp\/v2\/media?parent=30036"}],"wp:term":[{"taxonomy":"category","embeddable":true,"href":"https:\/\/maricatotal.com.br\/site\/wp-json\/wp\/v2\/categories?post=30036"},{"taxonomy":"post_tag","embeddable":true,"href":"https:\/\/maricatotal.com.br\/site\/wp-json\/wp\/v2\/tags?post=30036"}],"curies":[{"name":"wp","href":"https:\/\/api.w.org\/{rel}","templated":true}]}}