{"id":30053,"date":"2021-10-26T08:22:20","date_gmt":"2021-10-26T11:22:20","guid":{"rendered":"https:\/\/maricatotal.com.br\/site\/?p=30053"},"modified":"2021-10-26T08:22:22","modified_gmt":"2021-10-26T11:22:22","slug":"petrobras-anuncia-novo-aumento-da-gasolina-e-do-diesel-nas-refinarias","status":"publish","type":"post","link":"https:\/\/maricatotal.com.br\/site\/2021\/10\/26\/petrobras-anuncia-novo-aumento-da-gasolina-e-do-diesel-nas-refinarias\/","title":{"rendered":"Petrobras anuncia novo aumento da gasolina e do diesel nas refinarias"},"content":{"rendered":"\n<p>A Petrobras anunciou&nbsp;hoje&nbsp;(25) que vai reajustar os pre\u00e7os da gasolina e do diesel em suas refinarias a partir de amanh\u00e3 (26).<\/p>\n\n\n\n<p>O litro da gasolina vendido pela empresa&nbsp;\u00e0s distribuidoras passar\u00e1 de R$ 2,98 para R$ 3,19, o que representa um aumento de R$ 0,21 ou de cerca de 7%.<\/p>\n\n\n\n<p>A Petrobras afirma que a parcela da gasolina vendida nas refinarias no pre\u00e7o final do produto encontrado nos postos chegar\u00e1 a R$ 2,33, com um aumento de R$ 0,15.\u00a0A varia\u00e7\u00e3o \u00e9 menor que os R$ 0,21 de reajuste nas refinarias porque\u00a0a gasolina tem uma mistura obrigat\u00f3ria de 27% de etanol anidro.\u00a0<\/p>\n\n\n\n<p>J\u00e1 o litro do diesel passar\u00e1 a ser vendido por R$ 3,34 nas refinarias da Petrobras, o que representa um aumento de cerca de 9% sobre o pre\u00e7o m\u00e9dio atual, de R$ 3,06.&nbsp;<\/p>\n\n\n\n<p>No caso do diesel, a Petrobras calcula que o impacto para o consumidor final seja um aumento de R$ 0,24, porque o diesel vendido nos postos tem uma mistura obrigat\u00f3ria de 12% de biodiesel.<\/p>\n\n\n\n<p>A Petrobras justifica que os reajustes no pre\u00e7o garantem que o mercado &#8220;siga sendo suprido em bases econ\u00f4micas e sem riscos de desabastecimento&#8221;.<\/p>\n\n\n\n<p>&#8220;O alinhamento de pre\u00e7os ao mercado internacional se mostra especialmente relevante no momento que vivenciamos, com a demanda at\u00edpica recebida pela Petrobras para o m\u00eas&nbsp;de novembro&nbsp;de 2021. Os ajustes refletem tamb\u00e9m parte da eleva\u00e7\u00e3o nos patamares internacionais de pre\u00e7os de petr\u00f3leo, impactados pela oferta limitada frente ao crescimento da demanda mundial, e da taxa de c\u00e2mbio&#8221;, afirma a empresa.<\/p>\n","protected":false},"excerpt":{"rendered":"<p>A Petrobras anunciou&nbsp;hoje&nbsp;(25) que vai reajustar os pre\u00e7os da gasolina e do diesel em suas refinarias a partir de amanh\u00e3<\/p>\n","protected":false},"author":1,"featured_media":30054,"comment_status":"open","ping_status":"open","sticky":false,"template":"","format":"standard","meta":{"colormag_page_container_layout":"default_layout","colormag_page_sidebar_layout":"default_layout","footnotes":""},"categories":[17],"tags":[],"class_list":["post-30053","post","type-post","status-publish","format-standard","has-post-thumbnail","hentry","category-politica"],"amp_enabled":true,"_links":{"self":[{"href":"https:\/\/maricatotal.com.br\/site\/wp-json\/wp\/v2\/posts\/30053","targetHints":{"allow":["GET"]}}],"collection":[{"href":"https:\/\/maricatotal.com.br\/site\/wp-json\/wp\/v2\/posts"}],"about":[{"href":"https:\/\/maricatotal.com.br\/site\/wp-json\/wp\/v2\/types\/post"}],"author":[{"embeddable":true,"href":"https:\/\/maricatotal.com.br\/site\/wp-json\/wp\/v2\/users\/1"}],"replies":[{"embeddable":true,"href":"https:\/\/maricatotal.com.br\/site\/wp-json\/wp\/v2\/comments?post=30053"}],"version-history":[{"count":1,"href":"https:\/\/maricatotal.com.br\/site\/wp-json\/wp\/v2\/posts\/30053\/revisions"}],"predecessor-version":[{"id":30055,"href":"https:\/\/maricatotal.com.br\/site\/wp-json\/wp\/v2\/posts\/30053\/revisions\/30055"}],"wp:featuredmedia":[{"embeddable":true,"href":"https:\/\/maricatotal.com.br\/site\/wp-json\/wp\/v2\/media\/30054"}],"wp:attachment":[{"href":"https:\/\/maricatotal.com.br\/site\/wp-json\/wp\/v2\/media?parent=30053"}],"wp:term":[{"taxonomy":"category","embeddable":true,"href":"https:\/\/maricatotal.com.br\/site\/wp-json\/wp\/v2\/categories?post=30053"},{"taxonomy":"post_tag","embeddable":true,"href":"https:\/\/maricatotal.com.br\/site\/wp-json\/wp\/v2\/tags?post=30053"}],"curies":[{"name":"wp","href":"https:\/\/api.w.org\/{rel}","templated":true}]}}