{"id":30176,"date":"2021-10-29T13:08:38","date_gmt":"2021-10-29T16:08:38","guid":{"rendered":"https:\/\/maricatotal.com.br\/site\/?p=30176"},"modified":"2021-10-29T13:12:42","modified_gmt":"2021-10-29T16:12:42","slug":"fabiano-horta-e-filipe-bittencourt-participam-de-reuniao-na-cbf-para-criacao-de-arena-de-beach-soccer-em-marica","status":"publish","type":"post","link":"https:\/\/maricatotal.com.br\/site\/2021\/10\/29\/fabiano-horta-e-filipe-bittencourt-participam-de-reuniao-na-cbf-para-criacao-de-arena-de-beach-soccer-em-marica\/","title":{"rendered":"Fabiano Horta e Filipe Bittencourt participam de reuni\u00e3o na CBF para cria\u00e7\u00e3o de Arena de Beach Soccer em Maric\u00e1"},"content":{"rendered":"\n<p>O prefeito de Maric\u00e1, Fabiano Horta (PT), e o secret\u00e1rio de Esporte e Lazer, Filipe Bittencourt (MDB), participaram de uma reuni\u00e3o na Confedera\u00e7\u00e3o Brasileira de Futebol (CBF), visando a cria\u00e7\u00e3o de uma futura Arena de Beach Soccer.<\/p>\n\n\n\n<p>O projeto visa uma parceria com a Confedera\u00e7\u00e3o Brasileira de Beach Soccer, com o intuito de montar uma Arena em uma das praias de Maric\u00e1 para ser o Centro de Treinamento (CT) e a sede de jogos da Sele\u00e7\u00e3o Brasileira.<\/p>\n\n\n\n<p>Na reuni\u00e3o, estiveram presentes o presidente da CBF, Ednaldo Rodrigues, o vice-presidente, Fernando Sarney, e o diretor de marketing, Gilberto Ratto.&nbsp;<\/p>\n\n\n\n<p>O projeto foi apresentado pelos pol\u00edticos maricaenses na entidade, sendo mais um grande passo para Maric\u00e1 entrar no cen\u00e1rio nacional e mundial esportivo.<\/p>\n\n\n\n<p>\u201cO desejo \u00e9 aproveitar a voca\u00e7\u00e3o natural que temos para os esportes de praia e trazer o Beach Soccer do Brasil para Maric\u00e1. No que depender de mim e do prefeito Fabiano Horta, Maric\u00e1 estar\u00e1 cada vez mais inserido no cen\u00e1rio mundial do esporte.\u201d, concluiu Bittencourt.&nbsp;<\/p>\n","protected":false},"excerpt":{"rendered":"<p>O prefeito de Maric\u00e1, Fabiano Horta (PT), e o secret\u00e1rio de Esporte e Lazer, Filipe Bittencourt (MDB), participaram de uma<\/p>\n","protected":false},"author":1,"featured_media":30177,"comment_status":"open","ping_status":"open","sticky":false,"template":"","format":"standard","meta":{"colormag_page_container_layout":"default_layout","colormag_page_sidebar_layout":"default_layout","footnotes":""},"categories":[15,17],"tags":[],"class_list":["post-30176","post","type-post","status-publish","format-standard","has-post-thumbnail","hentry","category-esporte","category-politica"],"amp_enabled":true,"_links":{"self":[{"href":"https:\/\/maricatotal.com.br\/site\/wp-json\/wp\/v2\/posts\/30176","targetHints":{"allow":["GET"]}}],"collection":[{"href":"https:\/\/maricatotal.com.br\/site\/wp-json\/wp\/v2\/posts"}],"about":[{"href":"https:\/\/maricatotal.com.br\/site\/wp-json\/wp\/v2\/types\/post"}],"author":[{"embeddable":true,"href":"https:\/\/maricatotal.com.br\/site\/wp-json\/wp\/v2\/users\/1"}],"replies":[{"embeddable":true,"href":"https:\/\/maricatotal.com.br\/site\/wp-json\/wp\/v2\/comments?post=30176"}],"version-history":[{"count":2,"href":"https:\/\/maricatotal.com.br\/site\/wp-json\/wp\/v2\/posts\/30176\/revisions"}],"predecessor-version":[{"id":30180,"href":"https:\/\/maricatotal.com.br\/site\/wp-json\/wp\/v2\/posts\/30176\/revisions\/30180"}],"wp:featuredmedia":[{"embeddable":true,"href":"https:\/\/maricatotal.com.br\/site\/wp-json\/wp\/v2\/media\/30177"}],"wp:attachment":[{"href":"https:\/\/maricatotal.com.br\/site\/wp-json\/wp\/v2\/media?parent=30176"}],"wp:term":[{"taxonomy":"category","embeddable":true,"href":"https:\/\/maricatotal.com.br\/site\/wp-json\/wp\/v2\/categories?post=30176"},{"taxonomy":"post_tag","embeddable":true,"href":"https:\/\/maricatotal.com.br\/site\/wp-json\/wp\/v2\/tags?post=30176"}],"curies":[{"name":"wp","href":"https:\/\/api.w.org\/{rel}","templated":true}]}}