{"id":30234,"date":"2021-11-01T19:05:06","date_gmt":"2021-11-01T22:05:06","guid":{"rendered":"https:\/\/maricatotal.com.br\/site\/?p=30234"},"modified":"2021-11-01T19:05:06","modified_gmt":"2021-11-01T22:05:06","slug":"petrobras-planeja-reajustar-o-preco-dos-combustiveis-mais-uma-vez-em-20-dias-diz-bolsonaro","status":"publish","type":"post","link":"https:\/\/maricatotal.com.br\/site\/2021\/11\/01\/petrobras-planeja-reajustar-o-preco-dos-combustiveis-mais-uma-vez-em-20-dias-diz-bolsonaro\/","title":{"rendered":"Petrobras planeja reajustar o pre\u00e7o dos combust\u00edveis mais uma vez em 20 dias, diz Bolsonaro"},"content":{"rendered":"\n<p>O presidente Jair Bolsonaro afirmou a jornalistas, na It\u00e1lia, nesta segunda-feira (1\u00ba), que a Petrobr\u00e1s aumentar\u00e1 o pre\u00e7o dos combust\u00edveis mais uma vez em 20 dias. Ele afirmou que foi avisado pela estatal sobre a nova alta de forma n\u00e3o oficial e n\u00e3o deu mais detalhes. Bolsonaro tamb\u00e9m voltou a defender que a empresa seja privatizada e que o maior problema nos aumentos constantes \u00e9 o ICMS.&nbsp;<\/p>\n\n\n\n<p>&#8220;Tudo o que acontece de ruim que vem da Petrobras \u00e9 minha culpa&#8230; O ideal, falei com o Paulo Guedes, \u00e9 n\u00f3s partirmos para privatizar a Petrobras. Isso \u00e9 o ideal, no meu entender, que deve acontecer. Agora, isso a\u00ed n\u00e3o \u00e9 colocar na prateleira e vender amanh\u00e3. Esse processo vai durar mais de ano&#8221;, disse ao defender a privatiza\u00e7\u00e3o.&nbsp;<\/p>\n\n\n\n<p>Apesar de sempre ter sido contra a privatiza\u00e7\u00e3o da Petrobr\u00e1s, Bolsonaro passou a defender a medida de forma mais enf\u00e1tica ap\u00f3s suas tentativas de impedir o reajuste de pre\u00e7os terem falhado. A gasolina j\u00e1 subiu 73% no ano e o diesel, 65,3%. A alta dos pre\u00e7os dos combust\u00edveis tamb\u00e9m pressiona a infla\u00e7\u00e3o, que em 12 meses j\u00e1 passou de 10%.<\/p>\n","protected":false},"excerpt":{"rendered":"<p>O presidente Jair Bolsonaro afirmou a jornalistas, na It\u00e1lia, nesta segunda-feira (1\u00ba), que a Petrobr\u00e1s aumentar\u00e1 o pre\u00e7o dos combust\u00edveis<\/p>\n","protected":false},"author":1,"featured_media":30054,"comment_status":"open","ping_status":"open","sticky":false,"template":"","format":"standard","meta":{"colormag_page_container_layout":"default_layout","colormag_page_sidebar_layout":"default_layout","footnotes":""},"categories":[17],"tags":[],"class_list":["post-30234","post","type-post","status-publish","format-standard","has-post-thumbnail","hentry","category-politica"],"amp_enabled":true,"_links":{"self":[{"href":"https:\/\/maricatotal.com.br\/site\/wp-json\/wp\/v2\/posts\/30234","targetHints":{"allow":["GET"]}}],"collection":[{"href":"https:\/\/maricatotal.com.br\/site\/wp-json\/wp\/v2\/posts"}],"about":[{"href":"https:\/\/maricatotal.com.br\/site\/wp-json\/wp\/v2\/types\/post"}],"author":[{"embeddable":true,"href":"https:\/\/maricatotal.com.br\/site\/wp-json\/wp\/v2\/users\/1"}],"replies":[{"embeddable":true,"href":"https:\/\/maricatotal.com.br\/site\/wp-json\/wp\/v2\/comments?post=30234"}],"version-history":[{"count":1,"href":"https:\/\/maricatotal.com.br\/site\/wp-json\/wp\/v2\/posts\/30234\/revisions"}],"predecessor-version":[{"id":30235,"href":"https:\/\/maricatotal.com.br\/site\/wp-json\/wp\/v2\/posts\/30234\/revisions\/30235"}],"wp:featuredmedia":[{"embeddable":true,"href":"https:\/\/maricatotal.com.br\/site\/wp-json\/wp\/v2\/media\/30054"}],"wp:attachment":[{"href":"https:\/\/maricatotal.com.br\/site\/wp-json\/wp\/v2\/media?parent=30234"}],"wp:term":[{"taxonomy":"category","embeddable":true,"href":"https:\/\/maricatotal.com.br\/site\/wp-json\/wp\/v2\/categories?post=30234"},{"taxonomy":"post_tag","embeddable":true,"href":"https:\/\/maricatotal.com.br\/site\/wp-json\/wp\/v2\/tags?post=30234"}],"curies":[{"name":"wp","href":"https:\/\/api.w.org\/{rel}","templated":true}]}}