{"id":30314,"date":"2021-11-05T07:14:29","date_gmt":"2021-11-05T10:14:29","guid":{"rendered":"https:\/\/maricatotal.com.br\/site\/?p=30314"},"modified":"2021-11-05T07:14:30","modified_gmt":"2021-11-05T10:14:30","slug":"marica-ainda-ha-vagas-para-castracao-de-gatos-gatas-caes-e-cadelas-pelo-castramovel","status":"publish","type":"post","link":"https:\/\/maricatotal.com.br\/site\/2021\/11\/05\/marica-ainda-ha-vagas-para-castracao-de-gatos-gatas-caes-e-cadelas-pelo-castramovel\/","title":{"rendered":"Maric\u00e1: Ainda h\u00e1 vagas para castra\u00e7\u00e3o de gatos, gatas, c\u00e3es e cadelas pelo Castram\u00f3vel"},"content":{"rendered":"\n<p>A Prefeitura de Maric\u00e1 realiza at\u00e9 o dia 08\/11 o cadastro de animais para a \u00faltima edi\u00e7\u00e3o do ano do Castram\u00f3vel \u2013 projeto da Coordenadoria Especial de Prote\u00e7\u00e3o Animal que realiza castra\u00e7\u00f5es gratuitas.<\/p>\n\n\n\n<p>Nesta quinta-feira (04\/11), as equipes cadastraram c\u00e3es, gatos e gatas na Escola Municipal Oswaldo de Lima Rodrigues, em Itaipua\u00e7u. No s\u00e1bado (06), as inscri\u00e7\u00f5es acontecem em Ino\u00e3 e segunda-feira (08) na sede da coordenadoria no Centro, quando ser\u00e3o abertas 50 vagas exclusivamente para cadelas.<\/p>\n\n\n\n<p>Das mais de 340 vagas dispon\u00edveis, cerca de 160 animais entre c\u00e3es e gatos j\u00e1 est\u00e3o triados e aptos para a castra\u00e7\u00e3o que ser\u00e1 realizada nos dias 10 e 11 de novembro, no Castram\u00f3vel, presente na Escola Municipal Marisa Leticia Lula da Silva, em Ch\u00e1caras de Ino\u00e3.<\/p>\n\n\n\n<p>O coordenador de Prote\u00e7\u00e3o Animal, Fabiano Novaes, ressalta que a a\u00e7\u00e3o do dia 06\/11 ser\u00e1 uma esp\u00e9cie de repescagem para atender ao maior n\u00famero poss\u00edvel de castra\u00e7\u00f5es.<\/p>\n\n\n\n<p>\u201cTemos pelo menos mais 150 vagas para serem preenchidas e sabemos que a regi\u00e3o de Ino\u00e3 possui essa demanda\u201d, afirmou Fabiano.<\/p>\n\n\n\n<p><strong>Inscri\u00e7\u00f5es para Castram\u00f3vel<\/strong><\/p>\n\n\n\n<p>Os tutores de c\u00e3es, gatos e gatas devem comparecer das 10h \u00e0s 13h, na Igreja Assembleia de Deus, em Ino\u00e3. J\u00e1 na segunda-feira (08\/11) os donos de cadelas, c\u00e3es, gatos e gatas devem comparecer \u00e0 sede da Coordenadoria a partir das 8h. Ser\u00e3o 50 vagas respectivamente.<\/p>\n\n\n\n<p>\u00c9 importante destacar que n\u00e3o ser\u00e3o realizadas cirurgias em animais braquicef\u00e1licos (boxer, shith-zu, pug, gato persa) porque eles t\u00eam problemas respirat\u00f3rios. Al\u00e9m disso, os tutores devem ser maiores de 18 anos e os animais precisam ter mais de 3 kg e idade entre 6 meses e 6 anos. No dia da inscri\u00e7\u00e3o os donos de c\u00e3es devem levar o animal para a coleta de sangue e realiza\u00e7\u00e3o da triagem.<\/p>\n\n\n\n<p><strong>Documentos necess\u00e1rios:<\/strong><\/p>\n\n\n\n<p>Para realizar o cadastro s\u00e3o necess\u00e1rios os seguintes documentos: comprovante de resid\u00eancia em Maric\u00e1, identidade e CPF, N\u00famero de Inscri\u00e7\u00e3o Social (NIS), cart\u00e3o Mumbuca ou Bolsa Fam\u00edlia ou Benef\u00edcio de Presta\u00e7\u00e3o Continuada (BPC) ou outro comprovante de rendimento mostrando preferencialmente renda familiar at\u00e9 tr\u00eas sal\u00e1rios m\u00ednimos. Para aut\u00f4nomos, levar c\u00f3pia da carteira de trabalho para comprovar o rendimento.<\/p>\n\n\n\n<p><strong>Servi\u00e7o \u2013 Cadastro para castra\u00e7\u00e3o de animais<\/strong><\/p>\n\n\n\n<p><em>S\u00e1bado (06\/11)<\/em><\/p>\n\n\n\n<p>Hor\u00e1rio: 10h \u00e0s 13h<\/p>\n\n\n\n<p>Local: Igreja Assembleia de Deus (Rua Francisco Elias da Cruz, lote 08, ao lado do shopping do Arildo), no Centro de Ino\u00e3.<\/p>\n\n\n\n<p><em>Segunda-feira (08\/11)<\/em><\/p>\n\n\n\n<p>Hor\u00e1rio: a partir das 8h<\/p>\n\n\n\n<p>Local: Sede da Coordenadoria de Prote\u00e7\u00e3o Animal, Rua Prefeito Hil\u00e1rio Costa e Silva, n\u00ba 100, Bairro Parque Eldorado.<\/p>\n","protected":false},"excerpt":{"rendered":"<p>A Prefeitura de Maric\u00e1 realiza at\u00e9 o dia 08\/11 o cadastro de animais para a \u00faltima edi\u00e7\u00e3o do ano do<\/p>\n","protected":false},"author":1,"featured_media":30315,"comment_status":"open","ping_status":"open","sticky":false,"template":"","format":"standard","meta":{"colormag_page_container_layout":"default_layout","colormag_page_sidebar_layout":"default_layout","footnotes":""},"categories":[14,17],"tags":[],"class_list":["post-30314","post","type-post","status-publish","format-standard","has-post-thumbnail","hentry","category-bairros","category-politica"],"amp_enabled":true,"_links":{"self":[{"href":"https:\/\/maricatotal.com.br\/site\/wp-json\/wp\/v2\/posts\/30314","targetHints":{"allow":["GET"]}}],"collection":[{"href":"https:\/\/maricatotal.com.br\/site\/wp-json\/wp\/v2\/posts"}],"about":[{"href":"https:\/\/maricatotal.com.br\/site\/wp-json\/wp\/v2\/types\/post"}],"author":[{"embeddable":true,"href":"https:\/\/maricatotal.com.br\/site\/wp-json\/wp\/v2\/users\/1"}],"replies":[{"embeddable":true,"href":"https:\/\/maricatotal.com.br\/site\/wp-json\/wp\/v2\/comments?post=30314"}],"version-history":[{"count":1,"href":"https:\/\/maricatotal.com.br\/site\/wp-json\/wp\/v2\/posts\/30314\/revisions"}],"predecessor-version":[{"id":30316,"href":"https:\/\/maricatotal.com.br\/site\/wp-json\/wp\/v2\/posts\/30314\/revisions\/30316"}],"wp:featuredmedia":[{"embeddable":true,"href":"https:\/\/maricatotal.com.br\/site\/wp-json\/wp\/v2\/media\/30315"}],"wp:attachment":[{"href":"https:\/\/maricatotal.com.br\/site\/wp-json\/wp\/v2\/media?parent=30314"}],"wp:term":[{"taxonomy":"category","embeddable":true,"href":"https:\/\/maricatotal.com.br\/site\/wp-json\/wp\/v2\/categories?post=30314"},{"taxonomy":"post_tag","embeddable":true,"href":"https:\/\/maricatotal.com.br\/site\/wp-json\/wp\/v2\/tags?post=30314"}],"curies":[{"name":"wp","href":"https:\/\/api.w.org\/{rel}","templated":true}]}}