{"id":30317,"date":"2021-11-05T07:17:21","date_gmt":"2021-11-05T10:17:21","guid":{"rendered":"https:\/\/maricatotal.com.br\/site\/?p=30317"},"modified":"2021-11-05T07:17:22","modified_gmt":"2021-11-05T10:17:22","slug":"marica-tera-reforco-no-policiamento-com-festas-de-fim-de-ano-e-chegada-do-verao","status":"publish","type":"post","link":"https:\/\/maricatotal.com.br\/site\/2021\/11\/05\/marica-tera-reforco-no-policiamento-com-festas-de-fim-de-ano-e-chegada-do-verao\/","title":{"rendered":"Marica ter\u00e1 refor\u00e7o no policiamento com festas de fim de ano e chegada do ver\u00e3o"},"content":{"rendered":"\n<p>A Prefeitura de Maric\u00e1 abriu novas vagas para policiais militares atuarem pelo Programa Estadual de Integra\u00e7\u00e3o na Seguran\u00e7a (Proeis) na cidade.<\/p>\n\n\n\n<p>Ao todo, est\u00e3o previstas 40 novas vagas para o Natal Iluminado, al\u00e9m de 12 para as orlas das praias do munic\u00edpio, totalizando 52, de acordo com a Secretaria de Ordem P\u00fablica e Gabinete Institucional.<\/p>\n\n\n\n<p>Os agentes interessados precisam se inscrever na pr\u00f3pria plataforma do programa, com uma semana de anteced\u00eancia ao evento. A cidade emprega, diariamente, de 120 a 140 policiais do Proeis, projeto que contempla financeiramente os agentes que trabalham durante as suas folgas, para coibir crimes pela cidade.<\/p>\n","protected":false},"excerpt":{"rendered":"<p>A Prefeitura de Maric\u00e1 abriu novas vagas para policiais militares atuarem pelo Programa Estadual de Integra\u00e7\u00e3o na Seguran\u00e7a (Proeis) na<\/p>\n","protected":false},"author":1,"featured_media":30318,"comment_status":"open","ping_status":"open","sticky":false,"template":"","format":"standard","meta":{"colormag_page_container_layout":"default_layout","colormag_page_sidebar_layout":"default_layout","footnotes":""},"categories":[1],"tags":[],"class_list":["post-30317","post","type-post","status-publish","format-standard","has-post-thumbnail","hentry","category-noticias"],"amp_enabled":true,"_links":{"self":[{"href":"https:\/\/maricatotal.com.br\/site\/wp-json\/wp\/v2\/posts\/30317","targetHints":{"allow":["GET"]}}],"collection":[{"href":"https:\/\/maricatotal.com.br\/site\/wp-json\/wp\/v2\/posts"}],"about":[{"href":"https:\/\/maricatotal.com.br\/site\/wp-json\/wp\/v2\/types\/post"}],"author":[{"embeddable":true,"href":"https:\/\/maricatotal.com.br\/site\/wp-json\/wp\/v2\/users\/1"}],"replies":[{"embeddable":true,"href":"https:\/\/maricatotal.com.br\/site\/wp-json\/wp\/v2\/comments?post=30317"}],"version-history":[{"count":1,"href":"https:\/\/maricatotal.com.br\/site\/wp-json\/wp\/v2\/posts\/30317\/revisions"}],"predecessor-version":[{"id":30319,"href":"https:\/\/maricatotal.com.br\/site\/wp-json\/wp\/v2\/posts\/30317\/revisions\/30319"}],"wp:featuredmedia":[{"embeddable":true,"href":"https:\/\/maricatotal.com.br\/site\/wp-json\/wp\/v2\/media\/30318"}],"wp:attachment":[{"href":"https:\/\/maricatotal.com.br\/site\/wp-json\/wp\/v2\/media?parent=30317"}],"wp:term":[{"taxonomy":"category","embeddable":true,"href":"https:\/\/maricatotal.com.br\/site\/wp-json\/wp\/v2\/categories?post=30317"},{"taxonomy":"post_tag","embeddable":true,"href":"https:\/\/maricatotal.com.br\/site\/wp-json\/wp\/v2\/tags?post=30317"}],"curies":[{"name":"wp","href":"https:\/\/api.w.org\/{rel}","templated":true}]}}