{"id":30333,"date":"2021-11-05T13:05:42","date_gmt":"2021-11-05T16:05:42","guid":{"rendered":"https:\/\/maricatotal.com.br\/site\/?p=30333"},"modified":"2021-11-05T13:05:42","modified_gmt":"2021-11-05T16:05:42","slug":"prefeitura-abre-inscricoes-de-curso-para-exame-municipal-do-ensino-fundamental","status":"publish","type":"post","link":"https:\/\/maricatotal.com.br\/site\/2021\/11\/05\/prefeitura-abre-inscricoes-de-curso-para-exame-municipal-do-ensino-fundamental\/","title":{"rendered":"Prefeitura abre inscri\u00e7\u00f5es de curso para exame municipal do Ensino Fundamental"},"content":{"rendered":"\n<p>A Prefeitura de Maric\u00e1 abriu inscri\u00e7\u00f5es para a edi\u00e7\u00e3o segundo semestre de 2021 do preparat\u00f3rio para o Exame Municipal de Certifica\u00e7\u00e3o de Compet\u00eancias do Ensino Fundamental (EMCCEF). O curso \u00e9 destinado aos moradores de Maric\u00e1 a partir dos 15 anos que s\u00e3o alunos da rede municipal de ensino e para adultos de 18 anos ou mais e que n\u00e3o conclu\u00edram o ensino fundamental.<\/p>\n\n\n\n<p>Para a coordenadora do preparat\u00f3rio, Adriana Rocha, as aulas ajudar\u00e3o os alunos a realizarem a prova.<\/p>\n\n\n\n<p>\u201cEsse certificado \u00e9 o pontap\u00e9 inicial na vida escolar e profissional. Atrav\u00e9s dele abrem-se portas de cursos profissionalizantes, que exigem o certificado no ato da matr\u00edcula, assim como a continuidade dos estudos, pois eles estar\u00e3o aptos para cursar o Ensino M\u00e9dio e depois a sonhada universidade\u201d, comentou.<\/p>\n\n\n\n<p>As aulas come\u00e7ar\u00e3o na pr\u00f3xima segunda-feira (08\/11) e ser\u00e3o administradas on-line por meio da p\u00e1gina do Facebook do Pr\u00e9-ENCCEJA (https:\/\/www.facebook.com\/preenccejapaulofreire). J\u00e1 as inscri\u00e7\u00f5es para o preparat\u00f3rio dever\u00e3o ser feitas at\u00e9 o dia 20 de novembro de 2021 pelo link:<\/p>\n\n\n\n<figure class=\"wp-block-embed\"><div class=\"wp-block-embed__wrapper\">\nhttps:\/\/docs.google.com\/forms\/d\/e\/1FAIpQLSeXLuhNtJCwuGki7mpMt_LxT6YKdCC46y30X3mv7mI7tstHA\/viewform\n<\/div><\/figure>\n\n\n\n<p><strong>Servi\u00e7o:<\/strong><\/p>\n\n\n\n<p>Inscri\u00e7\u00f5es para o preparat\u00f3rio do Exame Municipal de Certifica\u00e7\u00e3o de Compet\u00eancias do Ensino Fundamental (EMCCEF)<\/p>\n\n\n\n<p><strong>Inscri\u00e7\u00e3o at\u00e9 o dia 20\/11<\/strong><\/p>\n\n\n\n<p>Requisitos para fazer o preparat\u00f3rio: ser aluno da rede municipal de ensino ou adulto de qualquer idade que n\u00e3o concluiu o ensino fundamental a partir dos 15 anos. \u00c9 preciso ser morador de Maric\u00e1.<\/p>\n\n\n\n<p><strong>Link de inscri\u00e7\u00e3o:&nbsp;<\/strong><\/p>\n\n\n\n<p><a href=\"https:\/\/docs.google.com\/forms\/d\/e\/1FAIpQLSeXLuhNtJCwuGki7mpMt_LxT6YKdCC46y30X3mv7mI7tstHA\/viewform\">https:\/\/docs.google.com\/forms\/d\/e\/1FAIpQLSeXLuhNtJCwuGki7mpMt_LxT6YKdCC46y30X3mv7mI7tstHA\/viewform<\/a><\/p>\n","protected":false},"excerpt":{"rendered":"<p>A Prefeitura de Maric\u00e1 abriu inscri\u00e7\u00f5es para a edi\u00e7\u00e3o segundo semestre de 2021 do preparat\u00f3rio para o Exame Municipal de<\/p>\n","protected":false},"author":1,"featured_media":30334,"comment_status":"open","ping_status":"open","sticky":false,"template":"","format":"standard","meta":{"colormag_page_container_layout":"default_layout","colormag_page_sidebar_layout":"default_layout","footnotes":""},"categories":[18],"tags":[],"class_list":["post-30333","post","type-post","status-publish","format-standard","has-post-thumbnail","hentry","category-entretenimento"],"amp_enabled":true,"_links":{"self":[{"href":"https:\/\/maricatotal.com.br\/site\/wp-json\/wp\/v2\/posts\/30333","targetHints":{"allow":["GET"]}}],"collection":[{"href":"https:\/\/maricatotal.com.br\/site\/wp-json\/wp\/v2\/posts"}],"about":[{"href":"https:\/\/maricatotal.com.br\/site\/wp-json\/wp\/v2\/types\/post"}],"author":[{"embeddable":true,"href":"https:\/\/maricatotal.com.br\/site\/wp-json\/wp\/v2\/users\/1"}],"replies":[{"embeddable":true,"href":"https:\/\/maricatotal.com.br\/site\/wp-json\/wp\/v2\/comments?post=30333"}],"version-history":[{"count":1,"href":"https:\/\/maricatotal.com.br\/site\/wp-json\/wp\/v2\/posts\/30333\/revisions"}],"predecessor-version":[{"id":30335,"href":"https:\/\/maricatotal.com.br\/site\/wp-json\/wp\/v2\/posts\/30333\/revisions\/30335"}],"wp:featuredmedia":[{"embeddable":true,"href":"https:\/\/maricatotal.com.br\/site\/wp-json\/wp\/v2\/media\/30334"}],"wp:attachment":[{"href":"https:\/\/maricatotal.com.br\/site\/wp-json\/wp\/v2\/media?parent=30333"}],"wp:term":[{"taxonomy":"category","embeddable":true,"href":"https:\/\/maricatotal.com.br\/site\/wp-json\/wp\/v2\/categories?post=30333"},{"taxonomy":"post_tag","embeddable":true,"href":"https:\/\/maricatotal.com.br\/site\/wp-json\/wp\/v2\/tags?post=30333"}],"curies":[{"name":"wp","href":"https:\/\/api.w.org\/{rel}","templated":true}]}}