{"id":30370,"date":"2021-11-06T08:20:00","date_gmt":"2021-11-06T11:20:00","guid":{"rendered":"https:\/\/maricatotal.com.br\/site\/?p=30370"},"modified":"2021-11-06T08:20:01","modified_gmt":"2021-11-06T11:20:01","slug":"marica-inicia-vacinacao-itinerante-contra-covid-19","status":"publish","type":"post","link":"https:\/\/maricatotal.com.br\/site\/2021\/11\/06\/marica-inicia-vacinacao-itinerante-contra-covid-19\/","title":{"rendered":"Maric\u00e1 inicia vacina\u00e7\u00e3o itinerante contra covid-19"},"content":{"rendered":"\n<p>A Prefeitura de Maric\u00e1 vai iniciar, a partir desta segunda-feira (08\/11), a vacina\u00e7\u00e3o itinerante contra a covid-19 nos pontos de maior movimento da cidade. A cada semana, uma equipe da Secretaria de Sa\u00fade vai em um local diferente para alcan\u00e7ar o maior n\u00famero poss\u00edvel de moradores e ampliar os \u00edndices de vacina\u00e7\u00e3o.<\/p>\n\n\n\n<p>O primeiro lugar a receber a imuniza\u00e7\u00e3o itinerante \u00e9 a Pra\u00e7a Conselheiro Macedo Soares (Pra\u00e7a do Turismo), no centro. A aplica\u00e7\u00e3o come\u00e7a nesta segunda (08\/11) e vai at\u00e9 a sexta-feira (12), de 9h \u00e0s 16h, para toda a popula\u00e7\u00e3o maior de 12 anos com primeira dose, segunda dose, al\u00e9m da dose de refor\u00e7o para os idosos, imunossuprimidos e profissionais da sa\u00fade.<\/p>\n\n\n\n<p>A secret\u00e1ria de Sa\u00fade, Solange Oliveira, afirmou que essa \u00e9 mais uma importante estrat\u00e9gia da campanha de vacina\u00e7\u00e3o.<\/p>\n\n\n\n<p>\u201cJ\u00e1 estamos com 72,5% da popula\u00e7\u00e3o vacin\u00e1vel com as duas doses ou dose \u00fanica, ou seja, mais de 100 mil pessoas. A seriedade no cumprimento do Plano Nacional de Imuniza\u00e7\u00f5es (PNI) e a utiliza\u00e7\u00e3o da segunda dose na ocasi\u00e3o correta fez Maric\u00e1 alcan\u00e7ar \u00f3timos resultados. Agora, iremos buscar os moradores que n\u00e3o compareceram nos postos de vacina\u00e7\u00e3o\u201d, destacou a secret\u00e1ria, lembrando a import\u00e2ncia da segunda dose.<\/p>\n\n\n\n<p>\u201cPara acelerar ainda mais a vacina\u00e7\u00e3o, Maric\u00e1 reduziu de 12 para 8 semanas o intervalo entre a primeira e a segunda dose das vacinas Pfizer e AstraZeneca para todas as faixas et\u00e1rias. Quem recebeu a primeira dose em setembro, j\u00e1 pode receber a segunda em novembro\u201d, convocou a secret\u00e1ria.<\/p>\n\n\n\n<p><strong>Documentos necess\u00e1rios<\/strong><\/p>\n\n\n\n<p>Os adultos precisam apresentar um documento de identidade com foto, CPF e comprovante de resid\u00eancia. J\u00e1 os adolescentes devem levar documento de identidade ou certid\u00e3o de nascimento. Para a segunda dose \u00e9 necess\u00e1rio, tamb\u00e9m, o comprovante de vacina\u00e7\u00e3o.<\/p>\n\n\n\n<p>A dose de refor\u00e7o est\u00e1 sendo aplicada nos idosos acima de 60 anos e profissionais de sa\u00fade que tenham recebido a segunda dose h\u00e1 seis meses ou mais, al\u00e9m dos imunossuprimidos maiores de 12 anos que tenham as duas doses completas h\u00e1 mais de 28 dias.<\/p>\n\n\n\n<p>Os idosos devem apresentar um documento de identifica\u00e7\u00e3o com foto e o comprovante de vacina\u00e7\u00e3o. J\u00e1 os imunossuprimidos, al\u00e9m de apresentar os mesmos documentos que os idosos, devem levar um laudo m\u00e9dico atualizado comprovando a condi\u00e7\u00e3o de sa\u00fade.<\/p>\n\n\n\n<p>Al\u00e9m do documento de identifica\u00e7\u00e3o com foto, os profissionais e trabalhadores da sa\u00fade devem apresentar algum documento que comprove o v\u00ednculo empregat\u00edcio, como carteira de trabalho ou do conselho, contracheque, ou uma declara\u00e7\u00e3o com assinatura do empregador.<\/p>\n\n\n\n<p><strong>Polos Distritais seguem funcionando e Unidades Volantes ser\u00e3o desmobilizadas<\/strong><\/p>\n\n\n\n<p>Os polos de vacina\u00e7\u00e3o da Unidade de Sa\u00fade da Fam\u00edlia (USF) Central; USF Jardim Atl\u00e2ntico; USF Ch\u00e1caras de Ino\u00e3; USF Marinel\u00e2ndia; USF Ino\u00e3 2; USF S\u00e3o Jos\u00e9 2 seguem funcionando normalmente de segunda a sexta-feira.<\/p>\n\n\n\n<p>As Unidades Volantes de Vacina\u00e7\u00e3o (UVV) do Centro Administrativo de Itaipua\u00e7u e do Aeroporto de Maric\u00e1 ser\u00e3o desmobilizadas na quarta-feira (10\/11). As equipes atuar\u00e3o na vacina\u00e7\u00e3o itinerante e no refor\u00e7o dos outros polos.<\/p>\n\n\n\n<p><strong>Locais de vacina\u00e7\u00e3o repescagem, dose de refor\u00e7o e 2\u00aa dose:<\/strong><\/p>\n\n\n\n<p>Polo Itinerante- segunda (08\/11) a sexta-feira (12\/11), 9h \u00e0s 16h<\/p>\n\n\n\n<p>Pra\u00e7a Conselheiro Macedo Soares (Pra\u00e7a do Turismo), Centro.<\/p>\n\n\n\n<p>Polos Distritais- segunda a sexta-feira, 9h \u00e0s 16h<\/p>\n\n\n\n<p>Unidade de Sa\u00fade da Fam\u00edlia (USF) Central- Rua Cl\u00edmaco Pereira, 241, Centro.<\/p>\n\n\n\n<p>USF Jardim Atl\u00e2ntico- USF Jardim Atl\u00e2ntico- Rua 36, lote 01, quadra 206. Loteamento Jardim Atl\u00e2ntico, Itaipua\u00e7u.<\/p>\n\n\n\n<p>USF Ch\u00e1caras de Ino\u00e3- Rodovia Amaral Peixoto, km 16. (ao lado do P\u00f3lo Mania), Ino\u00e3.<\/p>\n\n\n\n<p>USF Marinel\u00e2ndia- Rua Nove, Quadra 15, Cordeirinho.<\/p>\n\n\n\n<p>Unidade Volante de Vacina\u00e7\u00e3o (UVV) do Aeroporto de Maric\u00e1:&nbsp; R. Jovino Duarte de Oliveira, 362 \u2013 Eldorado. (at\u00e9 quarta-feira 05\/11)<\/p>\n\n\n\n<p>UVV do Centro Administrativo de Itaipua\u00e7u- RRua Van Lerberque (antiga Rua 34), entre as ruas 8 e 9, no Jardim Atl\u00e2ntico. (at\u00e9 quarta-feira 05\/11)<\/p>\n\n\n\n<p><strong>Polos Distritais- segunda a sexta-feira, 9h \u00e0s 14h<\/strong><\/p>\n\n\n\n<p>USF Ino\u00e3 2- Rodovia Amaral Peixoto, km. 14 (Ao lado do DPO), Ino\u00e3.<\/p>\n\n\n\n<p>USF S\u00e3o Jos\u00e9 2- Estrada da Cachoeira, s\/n\u00ba, S\u00e3o Jos\u00e9 do Imbassa\u00ed<\/p>\n","protected":false},"excerpt":{"rendered":"<p>A Prefeitura de Maric\u00e1 vai iniciar, a partir desta segunda-feira (08\/11), a vacina\u00e7\u00e3o itinerante contra a covid-19 nos pontos de<\/p>\n","protected":false},"author":1,"featured_media":30371,"comment_status":"open","ping_status":"open","sticky":false,"template":"","format":"standard","meta":{"colormag_page_container_layout":"default_layout","colormag_page_sidebar_layout":"default_layout","footnotes":""},"categories":[17],"tags":[],"class_list":["post-30370","post","type-post","status-publish","format-standard","has-post-thumbnail","hentry","category-politica"],"amp_enabled":true,"_links":{"self":[{"href":"https:\/\/maricatotal.com.br\/site\/wp-json\/wp\/v2\/posts\/30370","targetHints":{"allow":["GET"]}}],"collection":[{"href":"https:\/\/maricatotal.com.br\/site\/wp-json\/wp\/v2\/posts"}],"about":[{"href":"https:\/\/maricatotal.com.br\/site\/wp-json\/wp\/v2\/types\/post"}],"author":[{"embeddable":true,"href":"https:\/\/maricatotal.com.br\/site\/wp-json\/wp\/v2\/users\/1"}],"replies":[{"embeddable":true,"href":"https:\/\/maricatotal.com.br\/site\/wp-json\/wp\/v2\/comments?post=30370"}],"version-history":[{"count":1,"href":"https:\/\/maricatotal.com.br\/site\/wp-json\/wp\/v2\/posts\/30370\/revisions"}],"predecessor-version":[{"id":30372,"href":"https:\/\/maricatotal.com.br\/site\/wp-json\/wp\/v2\/posts\/30370\/revisions\/30372"}],"wp:featuredmedia":[{"embeddable":true,"href":"https:\/\/maricatotal.com.br\/site\/wp-json\/wp\/v2\/media\/30371"}],"wp:attachment":[{"href":"https:\/\/maricatotal.com.br\/site\/wp-json\/wp\/v2\/media?parent=30370"}],"wp:term":[{"taxonomy":"category","embeddable":true,"href":"https:\/\/maricatotal.com.br\/site\/wp-json\/wp\/v2\/categories?post=30370"},{"taxonomy":"post_tag","embeddable":true,"href":"https:\/\/maricatotal.com.br\/site\/wp-json\/wp\/v2\/tags?post=30370"}],"curies":[{"name":"wp","href":"https:\/\/api.w.org\/{rel}","templated":true}]}}