{"id":30373,"date":"2021-11-06T08:21:55","date_gmt":"2021-11-06T11:21:55","guid":{"rendered":"https:\/\/maricatotal.com.br\/site\/?p=30373"},"modified":"2021-11-06T08:21:56","modified_gmt":"2021-11-06T11:21:56","slug":"prefeito-fabiano-horta-participa-de-feira-internacional-de-turismo-em-gramado","status":"publish","type":"post","link":"https:\/\/maricatotal.com.br\/site\/2021\/11\/06\/prefeito-fabiano-horta-participa-de-feira-internacional-de-turismo-em-gramado\/","title":{"rendered":"Prefeito Fabiano Horta participa de Feira Internacional de Turismo em Gramado"},"content":{"rendered":"\n<p>O prefeito Fabiano Horta participou nesta sexta-feira (05\/11) do Festival Internacional de Turismo, a Festuris, em Gramado (RS), onde Maric\u00e1 busca se consolidar como destino inovador no mapa estadual do turismo.<\/p>\n\n\n\n<p>\u201cQueremos criar condi\u00e7\u00f5es para a promo\u00e7\u00e3o de um turismo de qualidade, com inser\u00e7\u00e3o social e conectado com esse mercado pujante que estabelece oportunidades para muitos setores\u201d, destaca Fabiano.<\/p>\n\n\n\n<p>Durante o evento, o prefeito foi recebido no estande de Gramado pela secret\u00e1ria municipal de Turismo e presidente da autarquia de Turismo \u2013 Gramadotur, Rosa Helena Volk.<\/p>\n\n\n\n<p>\u201cOuvimos um relato de como o turismo de Gramado incrementa a economia de toda a regi\u00e3o com n\u00fameros surpreendentes. Somente em 2019 foram 6 milh\u00f5es de turistas que visitaram a cidade\u201d, ressalta Fabiano. \u201cOs eventos que integram a programa\u00e7\u00e3o do Natal Luz, como o Nativitaten e o Desfile Encantado, servem de inspira\u00e7\u00e3o para que possamos ampliar ainda mais o nosso Natal Iluminado, transformando no maior Natal do Brasil em cidade praiana\u201d, completou.<\/p>\n\n\n\n<p>O prefeito tamb\u00e9m se reuniu com o secret\u00e1rio estadual de Turismo do Rio de Janeiro, Gustavo Tutuca, e o presidente da TurisRio, S\u00e9rgio Ricardo de Almeida, para discutir os projetos tur\u00edsticos de Maric\u00e1 a partir de 2022.<\/p>\n\n\n\n<p>O munic\u00edpio de Maric\u00e1 participou do estande da Secretaria de Estado de Turismo ao lado de destinos como Rio de Janeiro, B\u00fazios, Saquarema, Teres\u00f3polis, Angra dos Reis e Vassouras.<\/p>\n\n\n\n<p>Tamb\u00e9m acompanharam as visitas o secret\u00e1rio de Promo\u00e7\u00e3o e Projetos Especiais, Jos\u00e9 Alexandre Almeida; e o presidente da Federa\u00e7\u00e3o de Convention &amp; Visitors Bureaux, Marco Navega.<\/p>\n","protected":false},"excerpt":{"rendered":"<p>O prefeito Fabiano Horta participou nesta sexta-feira (05\/11) do Festival Internacional de Turismo, a Festuris, em Gramado (RS), onde Maric\u00e1<\/p>\n","protected":false},"author":1,"featured_media":30374,"comment_status":"open","ping_status":"open","sticky":false,"template":"","format":"standard","meta":{"colormag_page_container_layout":"default_layout","colormag_page_sidebar_layout":"default_layout","footnotes":""},"categories":[17],"tags":[],"class_list":["post-30373","post","type-post","status-publish","format-standard","has-post-thumbnail","hentry","category-politica"],"amp_enabled":true,"_links":{"self":[{"href":"https:\/\/maricatotal.com.br\/site\/wp-json\/wp\/v2\/posts\/30373","targetHints":{"allow":["GET"]}}],"collection":[{"href":"https:\/\/maricatotal.com.br\/site\/wp-json\/wp\/v2\/posts"}],"about":[{"href":"https:\/\/maricatotal.com.br\/site\/wp-json\/wp\/v2\/types\/post"}],"author":[{"embeddable":true,"href":"https:\/\/maricatotal.com.br\/site\/wp-json\/wp\/v2\/users\/1"}],"replies":[{"embeddable":true,"href":"https:\/\/maricatotal.com.br\/site\/wp-json\/wp\/v2\/comments?post=30373"}],"version-history":[{"count":1,"href":"https:\/\/maricatotal.com.br\/site\/wp-json\/wp\/v2\/posts\/30373\/revisions"}],"predecessor-version":[{"id":30375,"href":"https:\/\/maricatotal.com.br\/site\/wp-json\/wp\/v2\/posts\/30373\/revisions\/30375"}],"wp:featuredmedia":[{"embeddable":true,"href":"https:\/\/maricatotal.com.br\/site\/wp-json\/wp\/v2\/media\/30374"}],"wp:attachment":[{"href":"https:\/\/maricatotal.com.br\/site\/wp-json\/wp\/v2\/media?parent=30373"}],"wp:term":[{"taxonomy":"category","embeddable":true,"href":"https:\/\/maricatotal.com.br\/site\/wp-json\/wp\/v2\/categories?post=30373"},{"taxonomy":"post_tag","embeddable":true,"href":"https:\/\/maricatotal.com.br\/site\/wp-json\/wp\/v2\/tags?post=30373"}],"curies":[{"name":"wp","href":"https:\/\/api.w.org\/{rel}","templated":true}]}}