{"id":30383,"date":"2021-11-06T11:09:57","date_gmt":"2021-11-06T14:09:57","guid":{"rendered":"https:\/\/maricatotal.com.br\/site\/?p=30383"},"modified":"2021-11-06T11:14:10","modified_gmt":"2021-11-06T14:14:10","slug":"homem-passa-mal-dentro-de-loja-no-centro-de-marica","status":"publish","type":"post","link":"https:\/\/maricatotal.com.br\/site\/2021\/11\/06\/homem-passa-mal-dentro-de-loja-no-centro-de-marica\/","title":{"rendered":"Homem passa mal dentro de loja no Centro de Maric\u00e1"},"content":{"rendered":"\n<p>Um homem passou mal dentro da Loja Giro, na Rua Abreu Sodr\u00e9, no Centro de Maric\u00e1, na manh\u00e3 deste s\u00e1bado (06).<\/p>\n\n\n\n<p>Segundo informa\u00e7\u00f5es, o homem estava realizando compras na loja quando passou mal e teve convuls\u00f5es.<\/p>\n\n\n\n<p>Guardas municipais auxiliaram no socorro e populares acionaram a SAMU. Mas a v\u00edtima foi encaminhada em com carro particular para o Hospital Municipal Conde Modesto Leal.<\/p>\n\n\n\n<p>O estado de sa\u00fade do homem n\u00e3o foi divulgado pela unidade hospitalar.&nbsp;<\/p>\n","protected":false},"excerpt":{"rendered":"<p>Um homem passou mal dentro da Loja Giro, na Rua Abreu Sodr\u00e9, no Centro de Maric\u00e1, na manh\u00e3 deste s\u00e1bado<\/p>\n","protected":false},"author":1,"featured_media":30386,"comment_status":"open","ping_status":"open","sticky":false,"template":"","format":"standard","meta":{"colormag_page_container_layout":"default_layout","colormag_page_sidebar_layout":"default_layout","footnotes":""},"categories":[14],"tags":[],"class_list":["post-30383","post","type-post","status-publish","format-standard","has-post-thumbnail","hentry","category-bairros"],"amp_enabled":true,"_links":{"self":[{"href":"https:\/\/maricatotal.com.br\/site\/wp-json\/wp\/v2\/posts\/30383","targetHints":{"allow":["GET"]}}],"collection":[{"href":"https:\/\/maricatotal.com.br\/site\/wp-json\/wp\/v2\/posts"}],"about":[{"href":"https:\/\/maricatotal.com.br\/site\/wp-json\/wp\/v2\/types\/post"}],"author":[{"embeddable":true,"href":"https:\/\/maricatotal.com.br\/site\/wp-json\/wp\/v2\/users\/1"}],"replies":[{"embeddable":true,"href":"https:\/\/maricatotal.com.br\/site\/wp-json\/wp\/v2\/comments?post=30383"}],"version-history":[{"count":1,"href":"https:\/\/maricatotal.com.br\/site\/wp-json\/wp\/v2\/posts\/30383\/revisions"}],"predecessor-version":[{"id":30385,"href":"https:\/\/maricatotal.com.br\/site\/wp-json\/wp\/v2\/posts\/30383\/revisions\/30385"}],"wp:featuredmedia":[{"embeddable":true,"href":"https:\/\/maricatotal.com.br\/site\/wp-json\/wp\/v2\/media\/30386"}],"wp:attachment":[{"href":"https:\/\/maricatotal.com.br\/site\/wp-json\/wp\/v2\/media?parent=30383"}],"wp:term":[{"taxonomy":"category","embeddable":true,"href":"https:\/\/maricatotal.com.br\/site\/wp-json\/wp\/v2\/categories?post=30383"},{"taxonomy":"post_tag","embeddable":true,"href":"https:\/\/maricatotal.com.br\/site\/wp-json\/wp\/v2\/tags?post=30383"}],"curies":[{"name":"wp","href":"https:\/\/api.w.org\/{rel}","templated":true}]}}