{"id":3039,"date":"2019-08-26T10:40:48","date_gmt":"2019-08-26T13:40:48","guid":{"rendered":"http:\/\/maricatotal.com.br\/site\/?p=3039"},"modified":"2019-08-26T10:40:50","modified_gmt":"2019-08-26T13:40:50","slug":"marica-sub-15-e-17-vencem-campos-e-mantem-alto-nivel-no-carioca-b1","status":"publish","type":"post","link":"https:\/\/maricatotal.com.br\/site\/2019\/08\/26\/marica-sub-15-e-17-vencem-campos-e-mantem-alto-nivel-no-carioca-b1\/","title":{"rendered":"MARIC\u00c1 SUB-15 E 17 VENCEM CAMPOS E MANT\u00c9M ALTO N\u00cdVEL NO CARIOCA B1"},"content":{"rendered":"\n<figure class=\"wp-block-image\"><img loading=\"lazy\" decoding=\"async\" width=\"720\" height=\"332\" src=\"http:\/\/maricatotal.com.br\/site\/wp-content\/uploads\/2019\/08\/67F60D02-0BE4-4BEA-9CB2-D7B71594FE3A.jpeg\" alt=\"\" class=\"wp-image-3040\" srcset=\"https:\/\/maricatotal.com.br\/site\/wp-content\/uploads\/2019\/08\/67F60D02-0BE4-4BEA-9CB2-D7B71594FE3A.jpeg 720w, https:\/\/maricatotal.com.br\/site\/wp-content\/uploads\/2019\/08\/67F60D02-0BE4-4BEA-9CB2-D7B71594FE3A-300x138.jpeg 300w\" sizes=\"auto, (max-width: 720px) 100vw, 720px\" \/><\/figure>\n\n\n\n<p>Jogando bem e em alta intensidade, o Maric\u00e1 Sub-15 e Sub-17 venceram o Campos, no Est\u00e1dio \u00c2ngelo de Carvalho, por 3 a 1 e 3 a 0 no \u00faltimo domingo (25). Sergio, Somary e Yuri marcaram pela categoria Sub-15, e Iuri, Caio e Arthur no Sub-17.<\/p>\n\n\n\n<p>O treinador Thiago Gon\u00e7alves falou da import\u00e2ncia desse jogo.<\/p>\n\n\n\n<p>&#8220;Como a equipe j\u00e1 estava classificada para as Quartas de Finais, nesse jogo poupamos os atletas com 2 cart\u00f5es amarelos e fomos com uma equipe mista. Isso serviu para rodarmos o elenco colocando todos atletas federados para participar da competi\u00e7\u00e3o.\u201d<\/p>\n\n\n\n<p>Na pr\u00f3xima rodada a equipe do Maric\u00e1 folga e aguarda a defini\u00e7\u00e3o de todos os grupos para saber o seu pr\u00f3ximo advers\u00e1rio do mata-mata.<\/p>\n\n\n\n<p>O treinador tamb\u00e9m agradeceu a Prefeitura pelo apoio aos jovens, e a torcida. <\/p>\n\n\n\n<p>\u201cAgradecemos o apoio da Secretaria de Esportes, atrav\u00e9s do Projeto Maric\u00e1 Mais Esportes Competi\u00e7\u00e3o, e de toda torcida maricaense.\u201d<\/p>\n\n\n\n<figure class=\"wp-block-image\"><img loading=\"lazy\" decoding=\"async\" width=\"1024\" height=\"498\" src=\"http:\/\/maricatotal.com.br\/site\/wp-content\/uploads\/2019\/08\/D8EAD298-EA0E-400D-922A-E8B84F2B6A6A-1024x498.jpeg\" alt=\"\" class=\"wp-image-3041\" srcset=\"https:\/\/maricatotal.com.br\/site\/wp-content\/uploads\/2019\/08\/D8EAD298-EA0E-400D-922A-E8B84F2B6A6A-1024x498.jpeg 1024w, https:\/\/maricatotal.com.br\/site\/wp-content\/uploads\/2019\/08\/D8EAD298-EA0E-400D-922A-E8B84F2B6A6A-300x146.jpeg 300w, https:\/\/maricatotal.com.br\/site\/wp-content\/uploads\/2019\/08\/D8EAD298-EA0E-400D-922A-E8B84F2B6A6A-768x374.jpeg 768w, https:\/\/maricatotal.com.br\/site\/wp-content\/uploads\/2019\/08\/D8EAD298-EA0E-400D-922A-E8B84F2B6A6A.jpeg 1032w\" sizes=\"auto, (max-width: 1024px) 100vw, 1024px\" \/><\/figure>\n","protected":false},"excerpt":{"rendered":"<p>Jogando bem e em alta intensidade, o Maric\u00e1 Sub-15 e Sub-17 venceram o Campos, no Est\u00e1dio \u00c2ngelo de Carvalho, por<\/p>\n","protected":false},"author":1,"featured_media":0,"comment_status":"open","ping_status":"open","sticky":false,"template":"","format":"standard","meta":{"colormag_page_container_layout":"default_layout","colormag_page_sidebar_layout":"default_layout","footnotes":""},"categories":[15],"tags":[],"class_list":["post-3039","post","type-post","status-publish","format-standard","hentry","category-esporte"],"amp_enabled":true,"_links":{"self":[{"href":"https:\/\/maricatotal.com.br\/site\/wp-json\/wp\/v2\/posts\/3039","targetHints":{"allow":["GET"]}}],"collection":[{"href":"https:\/\/maricatotal.com.br\/site\/wp-json\/wp\/v2\/posts"}],"about":[{"href":"https:\/\/maricatotal.com.br\/site\/wp-json\/wp\/v2\/types\/post"}],"author":[{"embeddable":true,"href":"https:\/\/maricatotal.com.br\/site\/wp-json\/wp\/v2\/users\/1"}],"replies":[{"embeddable":true,"href":"https:\/\/maricatotal.com.br\/site\/wp-json\/wp\/v2\/comments?post=3039"}],"version-history":[{"count":0,"href":"https:\/\/maricatotal.com.br\/site\/wp-json\/wp\/v2\/posts\/3039\/revisions"}],"wp:attachment":[{"href":"https:\/\/maricatotal.com.br\/site\/wp-json\/wp\/v2\/media?parent=3039"}],"wp:term":[{"taxonomy":"category","embeddable":true,"href":"https:\/\/maricatotal.com.br\/site\/wp-json\/wp\/v2\/categories?post=3039"},{"taxonomy":"post_tag","embeddable":true,"href":"https:\/\/maricatotal.com.br\/site\/wp-json\/wp\/v2\/tags?post=3039"}],"curies":[{"name":"wp","href":"https:\/\/api.w.org\/{rel}","templated":true}]}}