{"id":30419,"date":"2021-11-09T07:17:11","date_gmt":"2021-11-09T10:17:11","guid":{"rendered":"https:\/\/maricatotal.com.br\/site\/?p=30419"},"modified":"2021-11-09T07:17:13","modified_gmt":"2021-11-09T10:17:13","slug":"marica-comeca-vacinacao-itinerante-no-centro","status":"publish","type":"post","link":"https:\/\/maricatotal.com.br\/site\/2021\/11\/09\/marica-comeca-vacinacao-itinerante-no-centro\/","title":{"rendered":"Maric\u00e1 come\u00e7a vacina\u00e7\u00e3o itinerante no Centro"},"content":{"rendered":"\n<p>A Prefeitura de Maric\u00e1 iniciou a vacina\u00e7\u00e3o itinerante contra covid-19 nesta segunda-feira (08\/11) no centro da cidade. O objetivo dessa nova a\u00e7\u00e3o \u00e9 aumentar os \u00edndices de imuniza\u00e7\u00e3o levando o antiv\u00edrus para locais com maior fluxo de pessoas.<\/p>\n\n\n\n<p>A Pra\u00e7a Conselheiro Macedo Soares (Pra\u00e7a do Turismo), foi o ponto escolhido para iniciar a vacina\u00e7\u00e3o itinerante. Foi montada uma tenda no local que ficar\u00e1 dispon\u00edvel at\u00e9 a pr\u00f3xima sexta-feira (12\/11) de 09h \u00e0s 16h, para toda a popula\u00e7\u00e3o maior de 12 anos com primeira dose, segunda dose, al\u00e9m da dose de refor\u00e7o para os idosos, imunossuprimidos e profissionais da sa\u00fade.<\/p>\n\n\n\n<p>A secret\u00e1ria de sa\u00fade, Solange Oliveira, refor\u00e7ou que o imunizante est\u00e1 dispon\u00edvel para aqueles que ainda n\u00e3o foram tomar a segunda dose.<\/p>\n\n\n\n<p>\u201cDescentralizar e viabilizar a vacina\u00e7\u00e3o em pontos de maior circula\u00e7\u00e3o de pessoas vai nos permitir encontrar aqueles que n\u00e3o foram at\u00e9 a um polo de imuniza\u00e7\u00e3o. \u00c9 mais uma estrat\u00e9gia para atingir a maior cobertura poss\u00edvel em nossa cidade e garantir a prote\u00e7\u00e3o dos maricaenses. S\u00f3 alcan\u00e7amos a prote\u00e7\u00e3o m\u00e1xima e eficaz da vacina ap\u00f3s segunda dose\u201d, destacou Solange.<\/p>\n\n\n\n<p>A partir da pr\u00f3xima quarta-feira (10\/11), as Unidades Volantes de Vacina\u00e7\u00e3o (UVV) do Centro Administrativo de Itaipua\u00e7u e do Aeroporto de Maric\u00e1 ser\u00e3o desmobilizadas e as equipes atuar\u00e3o na vacina\u00e7\u00e3o itinerante e no refor\u00e7o dos outros polos.<\/p>\n\n\n\n<p>Ane Cibelly, de 35 anos, moradora do bairro Ara\u00e7atiba, foi com os dois filhos para tomar a segunda dose.<\/p>\n\n\n\n<p>\u201cEu vi no site da Prefeitura que abriria esse tipo de vacina\u00e7\u00e3o aqui hoje e n\u00e3o pensei duas vezes. Tomamos a segunda dose sem enfrentarmos fila. Foi bem r\u00e1pido\u201d, disse. \u201cFico muito feliz que Maric\u00e1 est\u00e1 avan\u00e7ando na vacina\u00e7\u00e3o, pois quanto mais gente imunizada, menos casos dessa doen\u00e7a. A gente sente um pouco mais de seguran\u00e7a\u201d, afirmou a m\u00e3e do Kael, de 17 anos e da Kailane, de 16 anos.<\/p>\n\n\n\n<p>Lu\u00eds Carlos Xavier, de 63 anos, tamb\u00e9m aproveitou a segunda-feira para tomar a segunda dose do imunizante.<\/p>\n\n\n\n<p>\u201cEu e minha esposa aproveitamos que o tempo est\u00e1 firme e resolvemos tomar a segunda dose da vacina. N\u00f3s, da terceira idade, temos que aproveitar j\u00e1 que no \u00faltimo m\u00eas quase n\u00e3o sa\u00edmos de casa devido \u00e0 chuva. Agora estamos felizes com o refor\u00e7o\u201d, declarou o aposentado e morador do bairro Flamengo.<\/p>\n\n\n\n<p><strong>Documentos necess\u00e1rios para vacina\u00e7\u00e3o<\/strong><\/p>\n\n\n\n<p>Os adultos precisam apresentar um documento de identidade com foto, CPF e comprovante de resid\u00eancia. J\u00e1 os adolescentes devem levar documento de identidade ou certid\u00e3o de nascimento. Para a segunda dose \u00e9 necess\u00e1rio, tamb\u00e9m, o comprovante de vacina\u00e7\u00e3o.<\/p>\n\n\n\n<p>A dose de refor\u00e7o est\u00e1 sendo aplicada nos idosos acima de 60 anos e profissionais de sa\u00fade que tenham recebido a segunda dose h\u00e1 seis meses ou mais, al\u00e9m dos imunossuprimidos maiores de 12 anos que tenham as duas doses completas h\u00e1 mais de 28 dias.<\/p>\n\n\n\n<p>Os idosos devem apresentar um documento de identifica\u00e7\u00e3o com foto e o comprovante de vacina\u00e7\u00e3o. J\u00e1 os imunossuprimidos, al\u00e9m de apresentarem os mesmos documentos que os idosos, devem levar um laudo m\u00e9dico atualizado comprovando a condi\u00e7\u00e3o de sa\u00fade.<\/p>\n\n\n\n<p>Al\u00e9m do documento de identifica\u00e7\u00e3o com foto, os profissionais e trabalhadores da sa\u00fade devem apresentar algum documento que comprove o v\u00ednculo empregat\u00edcio, como carteira de trabalho ou do conselho, contracheque, ou uma declara\u00e7\u00e3o com assinatura do empregador.<\/p>\n","protected":false},"excerpt":{"rendered":"<p>A Prefeitura de Maric\u00e1 iniciou a vacina\u00e7\u00e3o itinerante contra covid-19 nesta segunda-feira (08\/11) no centro da cidade. O objetivo dessa<\/p>\n","protected":false},"author":1,"featured_media":30420,"comment_status":"open","ping_status":"open","sticky":false,"template":"","format":"standard","meta":{"colormag_page_container_layout":"default_layout","colormag_page_sidebar_layout":"default_layout","footnotes":""},"categories":[14],"tags":[],"class_list":["post-30419","post","type-post","status-publish","format-standard","has-post-thumbnail","hentry","category-bairros"],"amp_enabled":true,"_links":{"self":[{"href":"https:\/\/maricatotal.com.br\/site\/wp-json\/wp\/v2\/posts\/30419","targetHints":{"allow":["GET"]}}],"collection":[{"href":"https:\/\/maricatotal.com.br\/site\/wp-json\/wp\/v2\/posts"}],"about":[{"href":"https:\/\/maricatotal.com.br\/site\/wp-json\/wp\/v2\/types\/post"}],"author":[{"embeddable":true,"href":"https:\/\/maricatotal.com.br\/site\/wp-json\/wp\/v2\/users\/1"}],"replies":[{"embeddable":true,"href":"https:\/\/maricatotal.com.br\/site\/wp-json\/wp\/v2\/comments?post=30419"}],"version-history":[{"count":1,"href":"https:\/\/maricatotal.com.br\/site\/wp-json\/wp\/v2\/posts\/30419\/revisions"}],"predecessor-version":[{"id":30421,"href":"https:\/\/maricatotal.com.br\/site\/wp-json\/wp\/v2\/posts\/30419\/revisions\/30421"}],"wp:featuredmedia":[{"embeddable":true,"href":"https:\/\/maricatotal.com.br\/site\/wp-json\/wp\/v2\/media\/30420"}],"wp:attachment":[{"href":"https:\/\/maricatotal.com.br\/site\/wp-json\/wp\/v2\/media?parent=30419"}],"wp:term":[{"taxonomy":"category","embeddable":true,"href":"https:\/\/maricatotal.com.br\/site\/wp-json\/wp\/v2\/categories?post=30419"},{"taxonomy":"post_tag","embeddable":true,"href":"https:\/\/maricatotal.com.br\/site\/wp-json\/wp\/v2\/tags?post=30419"}],"curies":[{"name":"wp","href":"https:\/\/api.w.org\/{rel}","templated":true}]}}