{"id":30422,"date":"2021-11-09T07:24:04","date_gmt":"2021-11-09T10:24:04","guid":{"rendered":"https:\/\/maricatotal.com.br\/site\/?p=30422"},"modified":"2021-11-09T07:24:05","modified_gmt":"2021-11-09T10:24:05","slug":"marica-tem-mutirao-de-inscricoes-para-a-castracao-gratuita-de-animais","status":"publish","type":"post","link":"https:\/\/maricatotal.com.br\/site\/2021\/11\/09\/marica-tem-mutirao-de-inscricoes-para-a-castracao-gratuita-de-animais\/","title":{"rendered":"Maric\u00e1 tem mutir\u00e3o de inscri\u00e7\u00f5es para a castra\u00e7\u00e3o gratuita de animais"},"content":{"rendered":"\n<p>A Prefeitura de Maric\u00e1 realizou nesta segunda-feira (08\/11) mais uma rodada de inscri\u00e7\u00f5es para a castra\u00e7\u00e3o de c\u00e3es, cadelas, gatos e gatas pelo Programa Municipal de Controle Reprodutivo. No total, 200 vagas foram disponibilizadas \u00e0 popula\u00e7\u00e3o na sede da Coordenadoria Especial de Prote\u00e7\u00e3o Animal (Rua Prefeito Hil\u00e1rio Costa e Silva, n\u00b0 100, Parque Eldorado), sendo essa a \u00faltima oferta de castra\u00e7\u00f5es gratuitas em 2021.<\/p>\n\n\n\n<p>Os animais inscritos ser\u00e3o encaminhados \u00e0 cirurgia no Castram\u00f3vel, que estar\u00e1 na Escola Municipal Marisa Let\u00edcia Lula da Silva, em Ch\u00e1caras de Ino\u00e3, nos dias 10 e 11 de novembro (quarta e quinta-feira). No caso dos pets com mais de 20kg, a castra\u00e7\u00e3o ir\u00e1 ocorrer em uma cl\u00ednica particular conveniada ao projeto.<\/p>\n\n\n\n<p>\u201cA quantidade de animais que vivem nas ruas da cidade \u00e9 muito grande. Por essa raz\u00e3o, a castra\u00e7\u00e3o \u00e9 uma a\u00e7\u00e3o importante para controlar o n\u00famero desses animais, principalmente aos tutores que n\u00e3o conseguem evitar o cruzamento entre os pets. Em 2022, vamos ofertar ainda mais vagas para a cirurgia, o que \u00e9 essencial para esse controle\u201d, pontuou o coordenador de Prote\u00e7\u00e3o Animal, Fabiano Novaes.<\/p>\n\n\n\n<p><strong>Popula\u00e7\u00e3o refor\u00e7a a import\u00e2ncia da castra\u00e7\u00e3o<\/strong><\/p>\n\n\n\n<p>Os moradores de Maric\u00e1 movimentaram a sede da coordenadoria desde o in\u00edcio da manh\u00e3 desta segunda-feira (08). A moradora de Santa Paula, Suelen da Silva, de 29 anos, levou a cadela Luna para a inscri\u00e7\u00e3o e ressaltou o pioneirismo do munic\u00edpio em oferecer essa cirurgia sem nenhum custo.<\/p>\n\n\n\n<p>\u201cEssa iniciativa gratuita \u00e9 maravilhosa. Em uma cl\u00ednica particular, o valor por essa cirurgia \u00e9 muito elevado e aqui em Maric\u00e1 temos esse servi\u00e7o sem pagar nada. Quando conto para as minhas amigas de cidades vizinhas sobre o Castram\u00f3vel, elas acham sensacional, por ser algo raro de encontrar no estado do Rio\u201d, refor\u00e7ou.<\/p>\n\n\n\n<p>O aposentado Paulo Vicente da Rocha, de 64 anos, foi um dos primeiros a chegar no local junto \u00e0 cadela Pretinha, e refor\u00e7ou o papel social do projeto em um per\u00edodo de dificuldades financeiras.<\/p>\n\n\n\n<p>\u201c\u00c9 muito bom ter a op\u00e7\u00e3o de castra\u00e7\u00e3o gratuita pr\u00f3ximo de casa. Fiquei sabendo do projeto pelas redes sociais e vim \u00e0 coordenadoria para aproveitar esse servi\u00e7o t\u00e3o importante em um momento de crise financeira. Peguei a Pretinha na rua e machucada quando pequena; hoje ela est\u00e1 bem cuidada e a castra\u00e7\u00e3o s\u00f3 ajuda nesse processo\u201d, acrescentou.<\/p>\n\n\n\n<p><strong>Balan\u00e7o positivo do projeto<\/strong><\/p>\n\n\n\n<p>No m\u00eas de outubro, foram disponibilizadas 343 vagas no Castram\u00f3vel, al\u00e9m de 100 inscri\u00e7\u00f5es para cirurgias nas cl\u00ednicas conveniadas em dezembro. Neste ano, 2.400 animais puderam ser castrados gratuitamente e a previs\u00e3o \u00e9 que esse n\u00famero aumente expressivamente em 2022.<\/p>\n\n\n\n<p>Para participar das pr\u00f3ximas inscri\u00e7\u00f5es, os tutores precisam ser maiores de 18 anos e apresentar c\u00f3pias da identidade, CPF, al\u00e9m de comprovante de resid\u00eancia e renda de at\u00e9 tr\u00eas sal\u00e1rios m\u00ednimos. Os c\u00e3es n\u00e3o podem ser braquicef\u00e1licos (portadores da S\u00edndrome de Obstru\u00e7\u00e3o das Vias A\u00e9reas Superiores), devem ter mais de 3kg e idade entre 6 meses e 6 anos de idade.<\/p>\n","protected":false},"excerpt":{"rendered":"<p>A Prefeitura de Maric\u00e1 realizou nesta segunda-feira (08\/11) mais uma rodada de inscri\u00e7\u00f5es para a castra\u00e7\u00e3o de c\u00e3es, cadelas, gatos<\/p>\n","protected":false},"author":1,"featured_media":30423,"comment_status":"open","ping_status":"open","sticky":false,"template":"","format":"standard","meta":{"colormag_page_container_layout":"default_layout","colormag_page_sidebar_layout":"default_layout","footnotes":""},"categories":[1],"tags":[],"class_list":["post-30422","post","type-post","status-publish","format-standard","has-post-thumbnail","hentry","category-noticias"],"amp_enabled":true,"_links":{"self":[{"href":"https:\/\/maricatotal.com.br\/site\/wp-json\/wp\/v2\/posts\/30422","targetHints":{"allow":["GET"]}}],"collection":[{"href":"https:\/\/maricatotal.com.br\/site\/wp-json\/wp\/v2\/posts"}],"about":[{"href":"https:\/\/maricatotal.com.br\/site\/wp-json\/wp\/v2\/types\/post"}],"author":[{"embeddable":true,"href":"https:\/\/maricatotal.com.br\/site\/wp-json\/wp\/v2\/users\/1"}],"replies":[{"embeddable":true,"href":"https:\/\/maricatotal.com.br\/site\/wp-json\/wp\/v2\/comments?post=30422"}],"version-history":[{"count":1,"href":"https:\/\/maricatotal.com.br\/site\/wp-json\/wp\/v2\/posts\/30422\/revisions"}],"predecessor-version":[{"id":30424,"href":"https:\/\/maricatotal.com.br\/site\/wp-json\/wp\/v2\/posts\/30422\/revisions\/30424"}],"wp:featuredmedia":[{"embeddable":true,"href":"https:\/\/maricatotal.com.br\/site\/wp-json\/wp\/v2\/media\/30423"}],"wp:attachment":[{"href":"https:\/\/maricatotal.com.br\/site\/wp-json\/wp\/v2\/media?parent=30422"}],"wp:term":[{"taxonomy":"category","embeddable":true,"href":"https:\/\/maricatotal.com.br\/site\/wp-json\/wp\/v2\/categories?post=30422"},{"taxonomy":"post_tag","embeddable":true,"href":"https:\/\/maricatotal.com.br\/site\/wp-json\/wp\/v2\/tags?post=30422"}],"curies":[{"name":"wp","href":"https:\/\/api.w.org\/{rel}","templated":true}]}}